{"id":4373,"date":"2013-10-04T11:40:18","date_gmt":"2013-10-04T11:40:18","guid":{"rendered":"http:\/\/tarimhaber.com\/?p=4373"},"modified":"2013-10-04T11:40:18","modified_gmt":"2013-10-04T11:40:18","slug":"ac-kurtlar-koyunlari-parcaladi","status":"publish","type":"post","link":"https:\/\/tarimhaber.com\/?p=4373","title":{"rendered":"A\u00e7 kurtlar koyunlar\u0131 par\u00e7alad\u0131"},"content":{"rendered":"<p>K\u0131r\u0131kkale\u2019nin Bah\u015f\u0131l\u0131 \u0130l\u00e7esi\u2019nde, K\u0131z\u0131l\u0131rmak Nehri kenar\u0131nda \u00e7itle \u00e7evrili bar\u0131na\u011fa giren kurtlar 13 koyunu telef etti. Koyunlar\u0131n sahibi Yusuf Alaca, kurtlar\u0131n bar\u0131naktaki 17 koyundan 13\u2019\u00fcn\u00fc telef etti\u011fini, di\u011ferlerini ise yaralad\u0131\u011f\u0131n\u0131 s\u00f6yledi. Koyunlar\u0131 Kurban Bayram\u0131\u2019nda sat\u0131p bankaya kredi borcunu \u00f6demeyi planlad\u0131\u011f\u0131n\u0131 belirten Alaca, zor durumda kald\u0131\u011f\u0131n\u0131 s\u00f6yledi. Do\u011fanay Mahalle Muhtar\u0131 Nihat Uyar da, do\u011fada a\u00e7 kald\u0131klar\u0131 i\u00e7in il\u00e7eye kadar inen kurtlar\u0131n do\u011fal ortamlar\u0131nda beslenmesi i\u00e7in yetkililerden yard\u0131m istedi.<\/p>\n","protected":false},"excerpt":{"rendered":"<p>K\u0131r\u0131kkale\u2019nin Bah\u015f\u0131l\u0131 \u0130l\u00e7esi\u2019nde, K\u0131z\u0131l\u0131rmak Nehri kenar\u0131nda \u00e7itle \u00e7evrili bar\u0131na\u011fa giren kurtlar 13 koyunu telef etti. Koyunlar\u0131n sahibi Yusuf Alaca, kurtlar\u0131n bar\u0131naktaki 17 koyundan 13\u2019\u00fcn\u00fc telef etti\u011fini, di\u011ferlerini ise yaralad\u0131\u011f\u0131n\u0131 s\u00f6yledi.&hellip;<\/p>\n","protected":false},"author":1,"featured_media":4374,"comment_status":"open","ping_status":"open","sticky":false,"template":"","format":"standard","meta":{"footnotes":""},"categories":[2],"tags":[3616],"class_list":["post-4373","post","type-post","status-publish","format-standard","has-post-thumbnail","hentry","category-tarimgentr","tag-http-yurthaber-mynet-com-kirikkale-haberleri-ac-kurtlar-koyunlari-parcaladi-1088394"],"_links":{"self":[{"href":"https:\/\/tarimhaber.com\/index.php?rest_route=\/wp\/v2\/posts\/4373","targetHints":{"allow":["GET"]}}],"collection":[{"href":"https:\/\/tarimhaber.com\/index.php?rest_route=\/wp\/v2\/posts"}],"about":[{"href":"https:\/\/tarimhaber.com\/index.php?rest_route=\/wp\/v2\/types\/post"}],"author":[{"embeddable":true,"href":"https:\/\/tarimhaber.com\/index.php?rest_route=\/wp\/v2\/users\/1"}],"replies":[{"embeddable":true,"href":"https:\/\/tarimhaber.com\/index.php?rest_route=%2Fwp%2Fv2%2Fcomments&post=4373"}],"version-history":[{"count":0,"href":"https:\/\/tarimhaber.com\/index.php?rest_route=\/wp\/v2\/posts\/4373\/revisions"}],"wp:featuredmedia":[{"embeddable":true,"href":"https:\/\/tarimhaber.com\/index.php?rest_route=\/wp\/v2\/media\/4374"}],"wp:attachment":[{"href":"https:\/\/tarimhaber.com\/index.php?rest_route=%2Fwp%2Fv2%2Fmedia&parent=4373"}],"wp:term":[{"taxonomy":"category","embeddable":true,"href":"https:\/\/tarimhaber.com\/index.php?rest_route=%2Fwp%2Fv2%2Fcategories&post=4373"},{"taxonomy":"post_tag","embeddable":true,"href":"https:\/\/tarimhaber.com\/index.php?rest_route=%2Fwp%2Fv2%2Ftags&post=4373"}],"curies":[{"name":"wp","href":"https:\/\/api.w.org\/{rel}","templated":true}]}}