{"id":4405,"date":"2013-11-04T17:02:37","date_gmt":"2013-11-04T17:02:37","guid":{"rendered":"http:\/\/tarimhaber.com\/?p=4405"},"modified":"2013-11-04T17:02:37","modified_gmt":"2013-11-04T17:02:37","slug":"tusiaddan-gida-ve-tarim-sektorunun-gelecegini-ele-alan-konferans","status":"publish","type":"post","link":"https:\/\/tarimhaber.com\/?p=4405","title":{"rendered":"T\u00fcsiad\u2019dan G\u0131da ve Tar\u0131m Sekt\u00f6r\u00fcn\u00fcn Gelece\u011fini Ele Alan Konferans"},"content":{"rendered":"<p>T\u00fcrk Sanayicileri ve \u0130\u015fadamlar\u0131 Derne\u011fi (T\u00dcS\u0130AD), Ekonomik Kalk\u0131nma ve \u0130\u015fbirli\u011fi \u00d6rg\u00fct\u00fc (OECD) Ekonomi ve Sanayi Dan\u0131\u015fma Komitesi (BIAC) ve G\u0131da Tar\u0131m ve Hayvanc\u0131l\u0131k Bakanl\u0131\u011f\u0131\u2019n\u0131n katk\u0131lar\u0131yla, g\u0131da g\u00fcvenli\u011fi ve T\u00fcrkiye\u2019nin 2015 G20 D\u00f6nem Ba\u015fkanl\u0131\u011f\u0131\u2019n\u0131n ele al\u0131nd\u0131\u011f\u0131 konferans d\u00fczenledi.<\/p>\n","protected":false},"excerpt":{"rendered":"<p>T\u00fcrk Sanayicileri ve \u0130\u015fadamlar\u0131 Derne\u011fi (T\u00dcS\u0130AD), Ekonomik Kalk\u0131nma ve \u0130\u015fbirli\u011fi \u00d6rg\u00fct\u00fc (OECD) Ekonomi ve Sanayi Dan\u0131\u015fma Komitesi (BIAC) ve G\u0131da Tar\u0131m ve Hayvanc\u0131l\u0131k Bakanl\u0131\u011f\u0131\u2019n\u0131n katk\u0131lar\u0131yla, g\u0131da g\u00fcvenli\u011fi ve T\u00fcrkiye\u2019nin 2015&hellip;<\/p>\n","protected":false},"author":1,"featured_media":4406,"comment_status":"open","ping_status":"open","sticky":false,"template":"","format":"standard","meta":{"footnotes":""},"categories":[2],"tags":[2082],"class_list":["post-4405","post","type-post","status-publish","format-standard","has-post-thumbnail","hentry","category-tarimgentr","tag-http-www-haberler-com-tusiad-dan-gida-ve-tarim-sektorunun-gelecegini-ele-5261220-haberi"],"_links":{"self":[{"href":"https:\/\/tarimhaber.com\/index.php?rest_route=\/wp\/v2\/posts\/4405","targetHints":{"allow":["GET"]}}],"collection":[{"href":"https:\/\/tarimhaber.com\/index.php?rest_route=\/wp\/v2\/posts"}],"about":[{"href":"https:\/\/tarimhaber.com\/index.php?rest_route=\/wp\/v2\/types\/post"}],"author":[{"embeddable":true,"href":"https:\/\/tarimhaber.com\/index.php?rest_route=\/wp\/v2\/users\/1"}],"replies":[{"embeddable":true,"href":"https:\/\/tarimhaber.com\/index.php?rest_route=%2Fwp%2Fv2%2Fcomments&post=4405"}],"version-history":[{"count":0,"href":"https:\/\/tarimhaber.com\/index.php?rest_route=\/wp\/v2\/posts\/4405\/revisions"}],"wp:featuredmedia":[{"embeddable":true,"href":"https:\/\/tarimhaber.com\/index.php?rest_route=\/wp\/v2\/media\/4406"}],"wp:attachment":[{"href":"https:\/\/tarimhaber.com\/index.php?rest_route=%2Fwp%2Fv2%2Fmedia&parent=4405"}],"wp:term":[{"taxonomy":"category","embeddable":true,"href":"https:\/\/tarimhaber.com\/index.php?rest_route=%2Fwp%2Fv2%2Fcategories&post=4405"},{"taxonomy":"post_tag","embeddable":true,"href":"https:\/\/tarimhaber.com\/index.php?rest_route=%2Fwp%2Fv2%2Ftags&post=4405"}],"curies":[{"name":"wp","href":"https:\/\/api.w.org\/{rel}","templated":true}]}}