{"id":4426,"date":"2013-11-18T00:00:00","date_gmt":"2013-11-18T00:00:00","guid":{"rendered":"http:\/\/tarimhaber.com\/?p=4426"},"modified":"2013-11-18T00:00:00","modified_gmt":"2013-11-18T00:00:00","slug":"tarima-da-stratejik-istihdam-tesviki","status":"publish","type":"post","link":"https:\/\/tarimhaber.com\/?p=4426","title":{"rendered":"Tar\u0131ma da stratejik \u2019istihdam te\u015fviki\u2019"},"content":{"rendered":"<p>Ulusal \u0130stihdam Stratejisi, 2023\u2019te i\u015fsizli\u011fin y\u00fczde 5\u2019e indirilmesi, istihdam oran\u0131n\u0131n ise y\u00fczde 55\u2019e \u00e7\u0131kar\u0131lmas\u0131n\u0131 hedefliyor. Strateji belgesi Y\u00fcksek Planlama Kurulu\u2019nda, bir ay i\u00e7erisinde Bakanlar Kurulu\u2019nda imzaya a\u00e7\u0131lacak. Strateji Belgesi, \u00fclkemizin stratejik ba\u015far\u0131 sa\u011flayabilece\u011fi 7 sekt\u00f6r\u00fc belirledi. 2015\u2019e kadar tar\u0131mda \u00fccretli \u00e7al\u0131\u015fanlar\u0131n mesleki ve beceri e\u011fitimine ge\u00e7ilmesi \u00e7al\u0131\u015fmalar\u0131 2014\u2019te ba\u015flayacak.<\/p>\n","protected":false},"excerpt":{"rendered":"<p>Ulusal \u0130stihdam Stratejisi, 2023\u2019te i\u015fsizli\u011fin y\u00fczde 5\u2019e indirilmesi, istihdam oran\u0131n\u0131n ise y\u00fczde 55\u2019e \u00e7\u0131kar\u0131lmas\u0131n\u0131 hedefliyor. Strateji belgesi Y\u00fcksek Planlama Kurulu\u2019nda, bir ay i\u00e7erisinde Bakanlar Kurulu\u2019nda imzaya a\u00e7\u0131lacak. Strateji Belgesi, \u00fclkemizin&hellip;<\/p>\n","protected":false},"author":1,"featured_media":4427,"comment_status":"open","ping_status":"open","sticky":false,"template":"","format":"standard","meta":{"footnotes":""},"categories":[2],"tags":[2635],"class_list":["post-4426","post","type-post","status-publish","format-standard","has-post-thumbnail","hentry","category-tarimgentr","tag-http-www-memurlar-net-haber-428000"],"_links":{"self":[{"href":"https:\/\/tarimhaber.com\/index.php?rest_route=\/wp\/v2\/posts\/4426","targetHints":{"allow":["GET"]}}],"collection":[{"href":"https:\/\/tarimhaber.com\/index.php?rest_route=\/wp\/v2\/posts"}],"about":[{"href":"https:\/\/tarimhaber.com\/index.php?rest_route=\/wp\/v2\/types\/post"}],"author":[{"embeddable":true,"href":"https:\/\/tarimhaber.com\/index.php?rest_route=\/wp\/v2\/users\/1"}],"replies":[{"embeddable":true,"href":"https:\/\/tarimhaber.com\/index.php?rest_route=%2Fwp%2Fv2%2Fcomments&post=4426"}],"version-history":[{"count":0,"href":"https:\/\/tarimhaber.com\/index.php?rest_route=\/wp\/v2\/posts\/4426\/revisions"}],"wp:featuredmedia":[{"embeddable":true,"href":"https:\/\/tarimhaber.com\/index.php?rest_route=\/wp\/v2\/media\/4427"}],"wp:attachment":[{"href":"https:\/\/tarimhaber.com\/index.php?rest_route=%2Fwp%2Fv2%2Fmedia&parent=4426"}],"wp:term":[{"taxonomy":"category","embeddable":true,"href":"https:\/\/tarimhaber.com\/index.php?rest_route=%2Fwp%2Fv2%2Fcategories&post=4426"},{"taxonomy":"post_tag","embeddable":true,"href":"https:\/\/tarimhaber.com\/index.php?rest_route=%2Fwp%2Fv2%2Ftags&post=4426"}],"curies":[{"name":"wp","href":"https:\/\/api.w.org\/{rel}","templated":true}]}}