{"id":4448,"date":"2013-12-03T13:34:43","date_gmt":"2013-12-03T13:34:43","guid":{"rendered":"http:\/\/tarimhaber.com\/?p=4448"},"modified":"2013-12-03T13:34:43","modified_gmt":"2013-12-03T13:34:43","slug":"kirsali-bosatmak-hayvanciliga-ve-tarima-buyuk-darbe-vurdu","status":"publish","type":"post","link":"https:\/\/tarimhaber.com\/?p=4448","title":{"rendered":"K\u0131rsal\u0131 Bo\u015fatmak Hayvanc\u0131l\u0131\u011fa ve Tar\u0131ma B\u00fcy\u00fck Darbe Vurdu"},"content":{"rendered":"<p>Sakarya Veteriner Hekimler Odas\u0131 Ba\u015fkan\u0131 Mustafa Y\u0131ld\u0131z, k\u0131rsal\u0131 bo\u015fatman\u0131n hayvanc\u0131l\u0131\u011fa ve tar\u0131ma b\u00fcy\u00fck darbe vurdu\u011funu belirterek, bunun ba\u015far\u0131 olmad\u0131\u011f\u0131n\u0131 s\u00f6yledi. Sonu\u00e7ta k\u00f6yl\u00fc k\u00f6y\u00fcne d\u00f6nmedik\u00e7e, tarlalar ve ah\u0131rlar bo\u015f kald\u0131k\u00e7a, paray\u0131 \u00fcretenin de\u011fil, arac\u0131lar\u0131n kazanaca\u011f\u0131n\u0131 ifade eden Y\u0131ld\u0131z, &#8220;\u0130stedi\u011finiz kadar ithalat yap\u0131n veya ithalatla tehdit edin, istedi\u011finiz kadar destek ve kredilerden bahsedin hepsi ge\u00e7ici \u00e7\u00f6z\u00fcm olacakt\u0131r.&#8221; dedi.<\/p>\n","protected":false},"excerpt":{"rendered":"<p>Sakarya Veteriner Hekimler Odas\u0131 Ba\u015fkan\u0131 Mustafa Y\u0131ld\u0131z, k\u0131rsal\u0131 bo\u015fatman\u0131n hayvanc\u0131l\u0131\u011fa ve tar\u0131ma b\u00fcy\u00fck darbe vurdu\u011funu belirterek, bunun ba\u015far\u0131 olmad\u0131\u011f\u0131n\u0131 s\u00f6yledi. Sonu\u00e7ta k\u00f6yl\u00fc k\u00f6y\u00fcne d\u00f6nmedik\u00e7e, tarlalar ve ah\u0131rlar bo\u015f kald\u0131k\u00e7a, paray\u0131&hellip;<\/p>\n","protected":false},"author":1,"featured_media":4449,"comment_status":"open","ping_status":"open","sticky":false,"template":"","format":"standard","meta":{"footnotes":""},"categories":[2],"tags":[2137],"class_list":["post-4448","post","type-post","status-publish","format-standard","has-post-thumbnail","hentry","category-tarimgentr","tag-http-www-haberler-com-yildiz-kirsali-bosatmak-hayvanciliga-ve-tarima-5380872-haberi"],"_links":{"self":[{"href":"https:\/\/tarimhaber.com\/index.php?rest_route=\/wp\/v2\/posts\/4448","targetHints":{"allow":["GET"]}}],"collection":[{"href":"https:\/\/tarimhaber.com\/index.php?rest_route=\/wp\/v2\/posts"}],"about":[{"href":"https:\/\/tarimhaber.com\/index.php?rest_route=\/wp\/v2\/types\/post"}],"author":[{"embeddable":true,"href":"https:\/\/tarimhaber.com\/index.php?rest_route=\/wp\/v2\/users\/1"}],"replies":[{"embeddable":true,"href":"https:\/\/tarimhaber.com\/index.php?rest_route=%2Fwp%2Fv2%2Fcomments&post=4448"}],"version-history":[{"count":0,"href":"https:\/\/tarimhaber.com\/index.php?rest_route=\/wp\/v2\/posts\/4448\/revisions"}],"wp:featuredmedia":[{"embeddable":true,"href":"https:\/\/tarimhaber.com\/index.php?rest_route=\/wp\/v2\/media\/4449"}],"wp:attachment":[{"href":"https:\/\/tarimhaber.com\/index.php?rest_route=%2Fwp%2Fv2%2Fmedia&parent=4448"}],"wp:term":[{"taxonomy":"category","embeddable":true,"href":"https:\/\/tarimhaber.com\/index.php?rest_route=%2Fwp%2Fv2%2Fcategories&post=4448"},{"taxonomy":"post_tag","embeddable":true,"href":"https:\/\/tarimhaber.com\/index.php?rest_route=%2Fwp%2Fv2%2Ftags&post=4448"}],"curies":[{"name":"wp","href":"https:\/\/api.w.org\/{rel}","templated":true}]}}