{"id":4456,"date":"2013-12-11T10:28:51","date_gmt":"2013-12-11T10:28:51","guid":{"rendered":"http:\/\/tarimhaber.com\/?p=4456"},"modified":"2013-12-11T10:28:51","modified_gmt":"2013-12-11T10:28:51","slug":"tigemden-ozel-sektor-acilimi","status":"publish","type":"post","link":"https:\/\/tarimhaber.com\/?p=4456","title":{"rendered":"T\u0130GEM\u2019den \u00d6zel Sekt\u00f6r A\u00e7\u0131l\u0131m\u0131"},"content":{"rendered":"<p>Tar\u0131m \u0130\u015fletmeleri Genel M\u00fcd\u00fcrl\u00fc\u011f\u00fcne (T\u0130GEM) ba\u011fl\u0131 Kaz\u0131mkarabekir Tar\u0131m \u0130\u015fletmesinin 75.000 dekarl\u0131k bir k\u0131sm\u0131nda tar\u0131msal faaliyette bulunulmak \u00fczere Y\u00fcksek Planlama Kurulu karar\u0131 do\u011frultusunda, \u00f6zel sekt\u00f6r tar\u0131m yat\u0131r\u0131mc\u0131lar\u0131 ile ortakl\u0131k kurulaca\u011f\u0131, Karak\u00f6y (Samsun)Tar\u0131m \u0130\u015fletmesi\u2019nin ise tar\u0131msal ama\u00e7 ve faaliyet konular\u0131 i\u00e7erisinde kalmak \u015fart\u0131yla \u00fcretim yapmak, konuyla ilgili tesisler kurmak ve pazarlama faaliyetlerinde bulunmak \u00fczere uygun g\u00f6r\u00fclecek proje esaslar\u0131 dahilinde 30 y\u0131ll\u0131\u011f\u0131na ger\u00e7ek veya t\u00fczel ki\u015filere kiraya verilece\u011fi a\u00e7\u0131kland\u0131. \u0130hale duyurular\u0131na T\u0130GEM\u2019in web sitesinden ula\u015fabilirsiniz.<\/p>\n","protected":false},"excerpt":{"rendered":"<p>Tar\u0131m \u0130\u015fletmeleri Genel M\u00fcd\u00fcrl\u00fc\u011f\u00fcne (T\u0130GEM) ba\u011fl\u0131 Kaz\u0131mkarabekir Tar\u0131m \u0130\u015fletmesinin 75.000 dekarl\u0131k bir k\u0131sm\u0131nda tar\u0131msal faaliyette bulunulmak \u00fczere Y\u00fcksek Planlama Kurulu karar\u0131 do\u011frultusunda, \u00f6zel sekt\u00f6r tar\u0131m yat\u0131r\u0131mc\u0131lar\u0131 ile ortakl\u0131k kurulaca\u011f\u0131, Karak\u00f6y&hellip;<\/p>\n","protected":false},"author":1,"featured_media":0,"comment_status":"open","ping_status":"open","sticky":false,"template":"","format":"standard","meta":{"footnotes":""},"categories":[2],"tags":[3270],"class_list":["post-4456","post","type-post","status-publish","format-standard","hentry","category-tarimgentr","tag-http-www-tigem-gov-tr"],"_links":{"self":[{"href":"https:\/\/tarimhaber.com\/index.php?rest_route=\/wp\/v2\/posts\/4456","targetHints":{"allow":["GET"]}}],"collection":[{"href":"https:\/\/tarimhaber.com\/index.php?rest_route=\/wp\/v2\/posts"}],"about":[{"href":"https:\/\/tarimhaber.com\/index.php?rest_route=\/wp\/v2\/types\/post"}],"author":[{"embeddable":true,"href":"https:\/\/tarimhaber.com\/index.php?rest_route=\/wp\/v2\/users\/1"}],"replies":[{"embeddable":true,"href":"https:\/\/tarimhaber.com\/index.php?rest_route=%2Fwp%2Fv2%2Fcomments&post=4456"}],"version-history":[{"count":0,"href":"https:\/\/tarimhaber.com\/index.php?rest_route=\/wp\/v2\/posts\/4456\/revisions"}],"wp:attachment":[{"href":"https:\/\/tarimhaber.com\/index.php?rest_route=%2Fwp%2Fv2%2Fmedia&parent=4456"}],"wp:term":[{"taxonomy":"category","embeddable":true,"href":"https:\/\/tarimhaber.com\/index.php?rest_route=%2Fwp%2Fv2%2Fcategories&post=4456"},{"taxonomy":"post_tag","embeddable":true,"href":"https:\/\/tarimhaber.com\/index.php?rest_route=%2Fwp%2Fv2%2Ftags&post=4456"}],"curies":[{"name":"wp","href":"https:\/\/api.w.org\/{rel}","templated":true}]}}