{"id":4470,"date":"2013-12-24T13:35:00","date_gmt":"2013-12-24T13:35:00","guid":{"rendered":"http:\/\/tarimhaber.com\/?p=4470"},"modified":"2013-12-24T13:35:00","modified_gmt":"2013-12-24T13:35:00","slug":"eker-dunyada-21-yuzyilda-enerji-su-ve-tarim-mucadelesi-olacak","status":"publish","type":"post","link":"https:\/\/tarimhaber.com\/?p=4470","title":{"rendered":"Eker: D\u00fcnyada 21. y\u00fczy\u0131lda enerji, su ve tar\u0131m m\u00fccadelesi olacak"},"content":{"rendered":"<p>G\u0131da, Tar\u0131m ve Hayvanc\u0131l\u0131k Bakan\u0131 Mehdi Eker, 21. y\u00fczy\u0131lda d\u00fcnyan\u0131n \u00fc\u00e7 konuda m\u00fccadele edece\u011fini ifade ederek, bunlar\u0131n; enerji, su ve g\u0131da oldu\u011funu s\u00f6yledi. Tar\u0131m\u0131n \u00f6neminin giderek artt\u0131\u011f\u0131n\u0131 vurgulayan Eker, \u00fclkelerin art\u0131k kendi topraklar\u0131 ile &#8230;<\/p>\n","protected":false},"excerpt":{"rendered":"<p>G\u0131da, Tar\u0131m ve Hayvanc\u0131l\u0131k Bakan\u0131 Mehdi Eker, 21. y\u00fczy\u0131lda d\u00fcnyan\u0131n \u00fc\u00e7 konuda m\u00fccadele edece\u011fini ifade ederek, bunlar\u0131n; enerji, su ve g\u0131da oldu\u011funu s\u00f6yledi. Tar\u0131m\u0131n \u00f6neminin giderek artt\u0131\u011f\u0131n\u0131 vurgulayan Eker, \u00fclkelerin&hellip;<\/p>\n","protected":false},"author":1,"featured_media":0,"comment_status":"open","ping_status":"open","sticky":false,"template":"","format":"standard","meta":{"footnotes":""},"categories":[2],"tags":[3423],"class_list":["post-4470","post","type-post","status-publish","format-standard","hentry","category-tarimgentr","tag-http-www-zaman-com-tr-ekonomi_eker-dunyada-21-yuzyilda-enerji-su-ve-tarim-mucadelesi-olacak_2188294-html"],"_links":{"self":[{"href":"https:\/\/tarimhaber.com\/index.php?rest_route=\/wp\/v2\/posts\/4470","targetHints":{"allow":["GET"]}}],"collection":[{"href":"https:\/\/tarimhaber.com\/index.php?rest_route=\/wp\/v2\/posts"}],"about":[{"href":"https:\/\/tarimhaber.com\/index.php?rest_route=\/wp\/v2\/types\/post"}],"author":[{"embeddable":true,"href":"https:\/\/tarimhaber.com\/index.php?rest_route=\/wp\/v2\/users\/1"}],"replies":[{"embeddable":true,"href":"https:\/\/tarimhaber.com\/index.php?rest_route=%2Fwp%2Fv2%2Fcomments&post=4470"}],"version-history":[{"count":0,"href":"https:\/\/tarimhaber.com\/index.php?rest_route=\/wp\/v2\/posts\/4470\/revisions"}],"wp:attachment":[{"href":"https:\/\/tarimhaber.com\/index.php?rest_route=%2Fwp%2Fv2%2Fmedia&parent=4470"}],"wp:term":[{"taxonomy":"category","embeddable":true,"href":"https:\/\/tarimhaber.com\/index.php?rest_route=%2Fwp%2Fv2%2Fcategories&post=4470"},{"taxonomy":"post_tag","embeddable":true,"href":"https:\/\/tarimhaber.com\/index.php?rest_route=%2Fwp%2Fv2%2Ftags&post=4470"}],"curies":[{"name":"wp","href":"https:\/\/api.w.org\/{rel}","templated":true}]}}