{"id":4489,"date":"2014-01-07T15:00:48","date_gmt":"2014-01-07T15:00:48","guid":{"rendered":"http:\/\/tarimhaber.com\/?p=4489"},"modified":"2014-01-07T15:00:48","modified_gmt":"2014-01-07T15:00:48","slug":"tarim-bakani-eker-kuraklik-endisemiz-var","status":"publish","type":"post","link":"https:\/\/tarimhaber.com\/?p=4489","title":{"rendered":"Tar\u0131m Bakan\u0131 Eker: Kurakl\u0131k endi\u015femiz var"},"content":{"rendered":"<p>Tar\u0131m Bakan\u0131 Mehdi Eker, tar\u0131msal kurakl\u0131ktan bahsetmek i\u00e7in erken olsa da bu konuda endi\u015fe ta\u015f\u0131d\u0131klar\u0131n\u0131, iklim parametreleri ayn\u0131 olursa 2014 hububat \u00fcretiminde bir \u00f6nceki y\u0131la g\u00f6re azalma beklemediklerini kaydetti. Eker, d\u00fczenledi\u011fi bas\u0131n &#8230;<\/p>\n","protected":false},"excerpt":{"rendered":"<p>Tar\u0131m Bakan\u0131 Mehdi Eker, tar\u0131msal kurakl\u0131ktan bahsetmek i\u00e7in erken olsa da bu konuda endi\u015fe ta\u015f\u0131d\u0131klar\u0131n\u0131, iklim parametreleri ayn\u0131 olursa 2014 hububat \u00fcretiminde bir \u00f6nceki y\u0131la g\u00f6re azalma beklemediklerini kaydetti. Eker,&hellip;<\/p>\n","protected":false},"author":1,"featured_media":0,"comment_status":"open","ping_status":"open","sticky":false,"template":"","format":"standard","meta":{"footnotes":""},"categories":[2],"tags":[2887],"class_list":["post-4489","post","type-post","status-publish","format-standard","hentry","category-tarimgentr","tag-http-www-radikal-com-tr-ekonomi-tarim_bakani_eker_kuraklik_endisemiz_var-1169735"],"_links":{"self":[{"href":"https:\/\/tarimhaber.com\/index.php?rest_route=\/wp\/v2\/posts\/4489","targetHints":{"allow":["GET"]}}],"collection":[{"href":"https:\/\/tarimhaber.com\/index.php?rest_route=\/wp\/v2\/posts"}],"about":[{"href":"https:\/\/tarimhaber.com\/index.php?rest_route=\/wp\/v2\/types\/post"}],"author":[{"embeddable":true,"href":"https:\/\/tarimhaber.com\/index.php?rest_route=\/wp\/v2\/users\/1"}],"replies":[{"embeddable":true,"href":"https:\/\/tarimhaber.com\/index.php?rest_route=%2Fwp%2Fv2%2Fcomments&post=4489"}],"version-history":[{"count":0,"href":"https:\/\/tarimhaber.com\/index.php?rest_route=\/wp\/v2\/posts\/4489\/revisions"}],"wp:attachment":[{"href":"https:\/\/tarimhaber.com\/index.php?rest_route=%2Fwp%2Fv2%2Fmedia&parent=4489"}],"wp:term":[{"taxonomy":"category","embeddable":true,"href":"https:\/\/tarimhaber.com\/index.php?rest_route=%2Fwp%2Fv2%2Fcategories&post=4489"},{"taxonomy":"post_tag","embeddable":true,"href":"https:\/\/tarimhaber.com\/index.php?rest_route=%2Fwp%2Fv2%2Ftags&post=4489"}],"curies":[{"name":"wp","href":"https:\/\/api.w.org\/{rel}","templated":true}]}}