{"id":4546,"date":"2014-03-28T10:04:51","date_gmt":"2014-03-28T10:04:51","guid":{"rendered":"http:\/\/tarimhaber.com\/?p=4546"},"modified":"2014-03-28T10:04:51","modified_gmt":"2014-03-28T10:04:51","slug":"incirliovada-ciftciler-icin-yayin-dagitim-seferberligi-duzenlendi","status":"publish","type":"post","link":"https:\/\/tarimhaber.com\/?p=4546","title":{"rendered":"\u0130ncirliova\u2019da \u00c7ift\u00e7iler \u0130\u00e7in Yay\u0131n Da\u011f\u0131t\u0131m Seferberli\u011fi D\u00fczenlendi"},"content":{"rendered":"<p>\u0130ncirliova ve k\u00f6ylerinde \u00e7ift\u00e7ilerin bilin\u00e7lendirilmesi ve ihtiya\u00e7 duyduklar\u0131 konularda e\u011fitilmelerini sa\u011flamak amac\u0131yla afi\u015f, kitap\u00e7\u0131k, liflet ve bro\u015f\u00fcr da\u011f\u0131t\u0131ld\u0131. Ayd\u0131n G\u0131da Tar\u0131m ve Hayvanc\u0131l\u0131k \u0130l M\u00fcd\u00fcrl\u00fc\u011f\u00fc taraf\u0131ndan bas\u0131m\u0131 yap\u0131larak, \u0130l\u00e7e M\u00fcd\u00fcrl\u00fcklerine da\u011f\u0131t\u0131m\u0131 yap\u0131lan afi\u015f, kitap\u00e7\u0131k, liflet ve bro\u015f\u00fcrlerin \u0130ncirliova G\u0131da Tar\u0131m ve Hayvanc\u0131l\u0131k \u0130l\u00e7e M\u00fcd\u00fcrl\u00fc\u011f\u00fc taraf\u0131ndan Merkez ve K\u00f6ylerde tan\u0131t\u0131m\u0131 yap\u0131larak, da\u011f\u0131t\u0131mlar\u0131 ger\u00e7ekle\u015ftirildi.<\/p>\n","protected":false},"excerpt":{"rendered":"<p>\u0130ncirliova ve k\u00f6ylerinde \u00e7ift\u00e7ilerin bilin\u00e7lendirilmesi ve ihtiya\u00e7 duyduklar\u0131 konularda e\u011fitilmelerini sa\u011flamak amac\u0131yla afi\u015f, kitap\u00e7\u0131k, liflet ve bro\u015f\u00fcr da\u011f\u0131t\u0131ld\u0131. Ayd\u0131n G\u0131da Tar\u0131m ve Hayvanc\u0131l\u0131k \u0130l M\u00fcd\u00fcrl\u00fc\u011f\u00fc taraf\u0131ndan bas\u0131m\u0131 yap\u0131larak, \u0130l\u00e7e M\u00fcd\u00fcrl\u00fcklerine&hellip;<\/p>\n","protected":false},"author":1,"featured_media":4547,"comment_status":"open","ping_status":"open","sticky":false,"template":"","format":"standard","meta":{"footnotes":""},"categories":[2],"tags":[1666],"class_list":["post-4546","post","type-post","status-publish","format-standard","has-post-thumbnail","hentry","category-tarimgentr","tag-http-www-haberler-com-incirliova-da-ciftciler-icin-yayin-dagitim-5837946-haberi"],"_links":{"self":[{"href":"https:\/\/tarimhaber.com\/index.php?rest_route=\/wp\/v2\/posts\/4546","targetHints":{"allow":["GET"]}}],"collection":[{"href":"https:\/\/tarimhaber.com\/index.php?rest_route=\/wp\/v2\/posts"}],"about":[{"href":"https:\/\/tarimhaber.com\/index.php?rest_route=\/wp\/v2\/types\/post"}],"author":[{"embeddable":true,"href":"https:\/\/tarimhaber.com\/index.php?rest_route=\/wp\/v2\/users\/1"}],"replies":[{"embeddable":true,"href":"https:\/\/tarimhaber.com\/index.php?rest_route=%2Fwp%2Fv2%2Fcomments&post=4546"}],"version-history":[{"count":0,"href":"https:\/\/tarimhaber.com\/index.php?rest_route=\/wp\/v2\/posts\/4546\/revisions"}],"wp:featuredmedia":[{"embeddable":true,"href":"https:\/\/tarimhaber.com\/index.php?rest_route=\/wp\/v2\/media\/4547"}],"wp:attachment":[{"href":"https:\/\/tarimhaber.com\/index.php?rest_route=%2Fwp%2Fv2%2Fmedia&parent=4546"}],"wp:term":[{"taxonomy":"category","embeddable":true,"href":"https:\/\/tarimhaber.com\/index.php?rest_route=%2Fwp%2Fv2%2Fcategories&post=4546"},{"taxonomy":"post_tag","embeddable":true,"href":"https:\/\/tarimhaber.com\/index.php?rest_route=%2Fwp%2Fv2%2Ftags&post=4546"}],"curies":[{"name":"wp","href":"https:\/\/api.w.org\/{rel}","templated":true}]}}