{"id":4550,"date":"2014-04-04T06:24:57","date_gmt":"2014-04-04T06:24:57","guid":{"rendered":"http:\/\/tarimhaber.com\/?p=4550"},"modified":"2014-04-04T06:24:57","modified_gmt":"2014-04-04T06:24:57","slug":"nevsehirde-ciftcilere-topraksiz-tarim-anlatildi","status":"publish","type":"post","link":"https:\/\/tarimhaber.com\/?p=4550","title":{"rendered":"Nev\u015fehir\u2019de \u00c7ift\u00e7ilere Topraks\u0131z Tar\u0131m Anlat\u0131ld\u0131"},"content":{"rendered":"<p>Konya Bahrida\u011fda\u015f Uluslararas\u0131 Tar\u0131msal Ara\u015ft\u0131rma Enstit\u00fcs\u00fc taraf\u0131ndan haz\u0131rlanan ve G\u0131da Tar\u0131m Ve Hayvanc\u0131l\u0131k Bakanl\u0131\u011f\u0131 E\u011fitim Yay\u0131m ve Yay\u0131nlar Dairesi Ba\u015fkanl\u0131\u011f\u0131nca desteklenen Toprak \u0130\u015flemesiz Tar\u0131m Projesi kapsam\u0131nda Nev\u015fehir\u2019de \u00fcreticilere y\u00f6nelik bilgilendirme toplant\u0131s\u0131 d\u00fczenlendi. Nev\u015fehir Ticaret Borsas\u0131 toplant\u0131 salonunda ger\u00e7ekle\u015ftirilen toplant\u0131ya G\u0131da Tar\u0131m ve Hayvanc\u0131l\u0131k \u0130l M\u00fcd\u00fcr\u00fc Vekili Bitkisel \u00dcretim \u015eube M\u00fcd\u00fcr\u00fc As\u0131m Ba\u015f, Ziraat Odas\u0131 Ba\u015fkan\u0131 Mustafa Ekiz, \u015eube M\u00fcd\u00fcrleri, \u0130l\u00e7e M\u00fcd\u00fcrleri, \u0130l\u00e7e Ziraat Odas\u0131 Ba\u015fkanlar\u0131, Enstit\u00fc Konu Uzmanlar\u0131, Teknik Personeller ve \u00e7ift\u00e7iler kat\u0131ld\u0131.<\/p>\n","protected":false},"excerpt":{"rendered":"<p>Konya Bahrida\u011fda\u015f Uluslararas\u0131 Tar\u0131msal Ara\u015ft\u0131rma Enstit\u00fcs\u00fc taraf\u0131ndan haz\u0131rlanan ve G\u0131da Tar\u0131m Ve Hayvanc\u0131l\u0131k Bakanl\u0131\u011f\u0131 E\u011fitim Yay\u0131m ve Yay\u0131nlar Dairesi Ba\u015fkanl\u0131\u011f\u0131nca desteklenen Toprak \u0130\u015flemesiz Tar\u0131m Projesi kapsam\u0131nda Nev\u015fehir\u2019de \u00fcreticilere y\u00f6nelik bilgilendirme&hellip;<\/p>\n","protected":false},"author":1,"featured_media":4551,"comment_status":"open","ping_status":"open","sticky":false,"template":"","format":"standard","meta":{"footnotes":""},"categories":[2],"tags":[1822],"class_list":["post-4550","post","type-post","status-publish","format-standard","has-post-thumbnail","hentry","category-tarimgentr","tag-http-www-haberler-com-nevsehir-de-ciftcilere-topraksiz-tarim-anlatildi-5868024-haberi"],"_links":{"self":[{"href":"https:\/\/tarimhaber.com\/index.php?rest_route=\/wp\/v2\/posts\/4550","targetHints":{"allow":["GET"]}}],"collection":[{"href":"https:\/\/tarimhaber.com\/index.php?rest_route=\/wp\/v2\/posts"}],"about":[{"href":"https:\/\/tarimhaber.com\/index.php?rest_route=\/wp\/v2\/types\/post"}],"author":[{"embeddable":true,"href":"https:\/\/tarimhaber.com\/index.php?rest_route=\/wp\/v2\/users\/1"}],"replies":[{"embeddable":true,"href":"https:\/\/tarimhaber.com\/index.php?rest_route=%2Fwp%2Fv2%2Fcomments&post=4550"}],"version-history":[{"count":0,"href":"https:\/\/tarimhaber.com\/index.php?rest_route=\/wp\/v2\/posts\/4550\/revisions"}],"wp:featuredmedia":[{"embeddable":true,"href":"https:\/\/tarimhaber.com\/index.php?rest_route=\/wp\/v2\/media\/4551"}],"wp:attachment":[{"href":"https:\/\/tarimhaber.com\/index.php?rest_route=%2Fwp%2Fv2%2Fmedia&parent=4550"}],"wp:term":[{"taxonomy":"category","embeddable":true,"href":"https:\/\/tarimhaber.com\/index.php?rest_route=%2Fwp%2Fv2%2Fcategories&post=4550"},{"taxonomy":"post_tag","embeddable":true,"href":"https:\/\/tarimhaber.com\/index.php?rest_route=%2Fwp%2Fv2%2Ftags&post=4550"}],"curies":[{"name":"wp","href":"https:\/\/api.w.org\/{rel}","templated":true}]}}