{"id":4552,"date":"2014-04-04T12:39:22","date_gmt":"2014-04-04T12:39:22","guid":{"rendered":"http:\/\/tarimhaber.com\/?p=4552"},"modified":"2014-04-04T12:39:22","modified_gmt":"2014-04-04T12:39:22","slug":"abdde-tarim-disi-istihdam-yukseldi","status":"publish","type":"post","link":"https:\/\/tarimhaber.com\/?p=4552","title":{"rendered":"ABD\u2019de tar\u0131m d\u0131\u015f\u0131 istihdam y\u00fckseldi"},"content":{"rendered":"<p>ABD\u2019de tar\u0131m d\u0131\u015f\u0131 istihdam, Mart ay\u0131nda y\u00fckselirken, i\u015fsizlik oran\u0131 daha fazla Amerikal\u0131n\u0131n i\u015f g\u00fcc\u00fcne kat\u0131lmas\u0131na ra\u011fmen y\u00fczde 6.7\u2019de kald\u0131. Veriler Fed politika yap\u0131c\u0131lar\u0131n\u0131n te\u015fvikleri azaltmaya devam edece\u011fi ve faiz oranlar\u0131n\u0131 d\u00fc\u015f\u00fck tutaca\u011f\u0131 &#8230;<\/p>\n","protected":false},"excerpt":{"rendered":"<p>ABD\u2019de tar\u0131m d\u0131\u015f\u0131 istihdam, Mart ay\u0131nda y\u00fckselirken, i\u015fsizlik oran\u0131 daha fazla Amerikal\u0131n\u0131n i\u015f g\u00fcc\u00fcne kat\u0131lmas\u0131na ra\u011fmen y\u00fczde 6.7\u2019de kald\u0131. Veriler Fed politika yap\u0131c\u0131lar\u0131n\u0131n te\u015fvikleri azaltmaya devam edece\u011fi ve faiz oranlar\u0131n\u0131&hellip;<\/p>\n","protected":false},"author":1,"featured_media":4553,"comment_status":"open","ping_status":"open","sticky":false,"template":"","format":"standard","meta":{"footnotes":""},"categories":[2],"tags":[666],"class_list":["post-4552","post","type-post","status-publish","format-standard","has-post-thumbnail","hentry","category-tarimgentr","tag-http-www-bloomberght-com-haberler-haber-1536301-abdde-tarim-disi-istihdam-yukseldi"],"_links":{"self":[{"href":"https:\/\/tarimhaber.com\/index.php?rest_route=\/wp\/v2\/posts\/4552","targetHints":{"allow":["GET"]}}],"collection":[{"href":"https:\/\/tarimhaber.com\/index.php?rest_route=\/wp\/v2\/posts"}],"about":[{"href":"https:\/\/tarimhaber.com\/index.php?rest_route=\/wp\/v2\/types\/post"}],"author":[{"embeddable":true,"href":"https:\/\/tarimhaber.com\/index.php?rest_route=\/wp\/v2\/users\/1"}],"replies":[{"embeddable":true,"href":"https:\/\/tarimhaber.com\/index.php?rest_route=%2Fwp%2Fv2%2Fcomments&post=4552"}],"version-history":[{"count":0,"href":"https:\/\/tarimhaber.com\/index.php?rest_route=\/wp\/v2\/posts\/4552\/revisions"}],"wp:featuredmedia":[{"embeddable":true,"href":"https:\/\/tarimhaber.com\/index.php?rest_route=\/wp\/v2\/media\/4553"}],"wp:attachment":[{"href":"https:\/\/tarimhaber.com\/index.php?rest_route=%2Fwp%2Fv2%2Fmedia&parent=4552"}],"wp:term":[{"taxonomy":"category","embeddable":true,"href":"https:\/\/tarimhaber.com\/index.php?rest_route=%2Fwp%2Fv2%2Fcategories&post=4552"},{"taxonomy":"post_tag","embeddable":true,"href":"https:\/\/tarimhaber.com\/index.php?rest_route=%2Fwp%2Fv2%2Ftags&post=4552"}],"curies":[{"name":"wp","href":"https:\/\/api.w.org\/{rel}","templated":true}]}}