{"id":4554,"date":"2014-04-05T09:30:28","date_gmt":"2014-04-05T09:30:28","guid":{"rendered":"http:\/\/tarimhaber.com\/?p=4554"},"modified":"2014-04-05T09:30:28","modified_gmt":"2014-04-05T09:30:28","slug":"tarim-ve-hayvancilik-daire-baskanligi-geliyor","status":"publish","type":"post","link":"https:\/\/tarimhaber.com\/?p=4554","title":{"rendered":"Tar\u0131m ve Hayvanc\u0131l\u0131k Daire Ba\u015fkanl\u0131\u011f\u0131 geliyor"},"content":{"rendered":"<p>\u201cBelediye b\u00fcnyesinde Tar\u0131m ve Hayvanc\u0131l\u0131k Daire Ba\u015fkanl\u0131\u011f\u0131 kuruyoruz\u201d diyen Aky\u00fcrek, s\u00fcrecin detaylar\u0131n\u0131 gazetemize anlatt\u0131. \u201c2012 y\u0131l sonunda 17 milyon 178 bin 953 olan belde ve k\u00f6y n\u00fcfusu, 30 b\u00fcy\u00fck\u015fehir belediyesinin s\u0131n\u0131rlar\u0131n\u0131n il s\u0131n\u0131r\u0131 olmas\u0131, belde ve k\u00f6ylerin yerlerine mahallelerin kurulmas\u0131 dolay\u0131s\u0131yla 2013\u2019te 6 milyon 633 bin 451\u2019e indi. 59 milyon n\u00fcfusla \u00fclke n\u00fcfusunun y\u00fczde 77\u2019sini kapsayan 30 b\u00fcy\u00fck\u015fehir belediyesi \u00fclke tar\u0131m\u0131n\u0131n en \u00f6nemli merkezlerini de i\u00e7inde bar\u0131nd\u0131r\u0131yor. 30 b\u00fcy\u00fck\u015fehir belediyesinin 135 milyon 270 bin 869 dekar tar\u0131m alan\u0131 bulunuyor. Bu alan, \u0130ngiltere\u2019nin yar\u0131s\u0131ndan fazla, G\u00fcney Kore\u2019nin 1,5 kat\u0131ndan, \u0130srail\u2019in 6 kat\u0131ndan b\u00fcy\u00fck bir alana denk geliyor. Konya ise 19 Milyon dekar tar\u0131m alan\u0131yla T\u00fcrkiye\u2019de ilk s\u0131rada yer al\u0131yor\u201d<\/p>\n","protected":false},"excerpt":{"rendered":"<p>\u201cBelediye b\u00fcnyesinde Tar\u0131m ve Hayvanc\u0131l\u0131k Daire Ba\u015fkanl\u0131\u011f\u0131 kuruyoruz\u201d diyen Aky\u00fcrek, s\u00fcrecin detaylar\u0131n\u0131 gazetemize anlatt\u0131. \u201c2012 y\u0131l sonunda 17 milyon 178 bin 953 olan belde ve k\u00f6y n\u00fcfusu, 30 b\u00fcy\u00fck\u015fehir belediyesinin&hellip;<\/p>\n","protected":false},"author":1,"featured_media":4555,"comment_status":"open","ping_status":"open","sticky":false,"template":"","format":"standard","meta":{"footnotes":""},"categories":[2],"tags":[2607],"class_list":["post-4554","post","type-post","status-publish","format-standard","has-post-thumbnail","hentry","category-tarimgentr","tag-http-www-memleket-com-tr-tarim-ve-hayvancilik-daire-baskanligi-geliyor-326396h-htm"],"_links":{"self":[{"href":"https:\/\/tarimhaber.com\/index.php?rest_route=\/wp\/v2\/posts\/4554","targetHints":{"allow":["GET"]}}],"collection":[{"href":"https:\/\/tarimhaber.com\/index.php?rest_route=\/wp\/v2\/posts"}],"about":[{"href":"https:\/\/tarimhaber.com\/index.php?rest_route=\/wp\/v2\/types\/post"}],"author":[{"embeddable":true,"href":"https:\/\/tarimhaber.com\/index.php?rest_route=\/wp\/v2\/users\/1"}],"replies":[{"embeddable":true,"href":"https:\/\/tarimhaber.com\/index.php?rest_route=%2Fwp%2Fv2%2Fcomments&post=4554"}],"version-history":[{"count":0,"href":"https:\/\/tarimhaber.com\/index.php?rest_route=\/wp\/v2\/posts\/4554\/revisions"}],"wp:featuredmedia":[{"embeddable":true,"href":"https:\/\/tarimhaber.com\/index.php?rest_route=\/wp\/v2\/media\/4555"}],"wp:attachment":[{"href":"https:\/\/tarimhaber.com\/index.php?rest_route=%2Fwp%2Fv2%2Fmedia&parent=4554"}],"wp:term":[{"taxonomy":"category","embeddable":true,"href":"https:\/\/tarimhaber.com\/index.php?rest_route=%2Fwp%2Fv2%2Fcategories&post=4554"},{"taxonomy":"post_tag","embeddable":true,"href":"https:\/\/tarimhaber.com\/index.php?rest_route=%2Fwp%2Fv2%2Ftags&post=4554"}],"curies":[{"name":"wp","href":"https:\/\/api.w.org\/{rel}","templated":true}]}}