{"id":4664,"date":"2014-08-28T09:50:21","date_gmt":"2014-08-28T09:50:21","guid":{"rendered":"http:\/\/tarimhaber.com\/?p=4664"},"modified":"2014-08-28T09:50:21","modified_gmt":"2014-08-28T09:50:21","slug":"derikteki-ciftcilerin-eylemi-ucuncu-gununde","status":"publish","type":"post","link":"https:\/\/tarimhaber.com\/?p=4664","title":{"rendered":"Derik\u2019teki \u00e7ift\u00e7ilerin eylemi \u00fc\u00e7\u00fcnc\u00fc g\u00fcn\u00fcnde"},"content":{"rendered":"<p>Derik\u2019te elektrik kesintilerini protesto etmek i\u00e7in yol kapatan \u00e7ift\u00e7ilerin eylemi, \u00fc\u00e7\u00fcnc\u00fc g\u00fcn\u00fcnde de \u00e7at\u0131\u015fmalarla devam ediyor. Mardin\u2019in Derik ve K\u0131z\u0131ltepe il\u00e7elerinde \u00e7ift\u00e7ilerin elektrik kesintilerini protesto etti\u011fi eylem 3\u2019\u00fcnc\u00fc g\u00fcn\u00fcnde devam ediyor.<\/p>\n","protected":false},"excerpt":{"rendered":"<p>Derik\u2019te elektrik kesintilerini protesto etmek i\u00e7in yol kapatan \u00e7ift\u00e7ilerin eylemi, \u00fc\u00e7\u00fcnc\u00fc g\u00fcn\u00fcnde de \u00e7at\u0131\u015fmalarla devam ediyor. Mardin\u2019in Derik ve K\u0131z\u0131ltepe il\u00e7elerinde \u00e7ift\u00e7ilerin elektrik kesintilerini protesto etti\u011fi eylem 3\u2019\u00fcnc\u00fc g\u00fcn\u00fcnde devam&hellip;<\/p>\n","protected":false},"author":1,"featured_media":0,"comment_status":"open","ping_status":"open","sticky":false,"template":"","format":"standard","meta":{"footnotes":""},"categories":[2],"tags":[2462],"class_list":["post-4664","post","type-post","status-publish","format-standard","hentry","category-tarimgentr","tag-http-www-imctv-com-tr-2014-08-28-derikteki-ciftcilerin-eylemi-ucuncu-gununde"],"_links":{"self":[{"href":"https:\/\/tarimhaber.com\/index.php?rest_route=\/wp\/v2\/posts\/4664","targetHints":{"allow":["GET"]}}],"collection":[{"href":"https:\/\/tarimhaber.com\/index.php?rest_route=\/wp\/v2\/posts"}],"about":[{"href":"https:\/\/tarimhaber.com\/index.php?rest_route=\/wp\/v2\/types\/post"}],"author":[{"embeddable":true,"href":"https:\/\/tarimhaber.com\/index.php?rest_route=\/wp\/v2\/users\/1"}],"replies":[{"embeddable":true,"href":"https:\/\/tarimhaber.com\/index.php?rest_route=%2Fwp%2Fv2%2Fcomments&post=4664"}],"version-history":[{"count":0,"href":"https:\/\/tarimhaber.com\/index.php?rest_route=\/wp\/v2\/posts\/4664\/revisions"}],"wp:attachment":[{"href":"https:\/\/tarimhaber.com\/index.php?rest_route=%2Fwp%2Fv2%2Fmedia&parent=4664"}],"wp:term":[{"taxonomy":"category","embeddable":true,"href":"https:\/\/tarimhaber.com\/index.php?rest_route=%2Fwp%2Fv2%2Fcategories&post=4664"},{"taxonomy":"post_tag","embeddable":true,"href":"https:\/\/tarimhaber.com\/index.php?rest_route=%2Fwp%2Fv2%2Ftags&post=4664"}],"curies":[{"name":"wp","href":"https:\/\/api.w.org\/{rel}","templated":true}]}}