{"id":4684,"date":"2014-09-04T11:47:41","date_gmt":"2014-09-04T11:47:41","guid":{"rendered":"http:\/\/tarimhaber.com\/?p=4684"},"modified":"2014-09-04T11:47:41","modified_gmt":"2014-09-04T11:47:41","slug":"oecdden-tarima-dogrudan-destegi-azaltin-uyarisi","status":"publish","type":"post","link":"https:\/\/tarimhaber.com\/?p=4684","title":{"rendered":"OECD\u2019den &#8220;Tar\u0131ma do\u011frudan deste\u011fi azalt\u0131n&#8221; uyar\u0131s\u0131"},"content":{"rendered":"<p>Merkezi Paris\u2019te bulunan Ekonomik \u0130\u015fbirli\u011fi ve Kalk\u0131nma \u00d6rg\u00fct\u00fc (OECD), \u00fcye \u00fclkelerde tar\u0131m sekt\u00f6r\u00fcnde \u00fcretici desteklerinin azalmas\u0131na ra\u011fmen istenilen d\u00fczeyde olmad\u0131\u011f\u0131 uyar\u0131s\u0131nda bulunuldu. OECD\u2019de \u00fcye \u00fclkelerde tar\u0131m politikalar\u0131n\u0131 ve destek d\u00fczeylerini masaya yat\u0131ran y\u0131ll\u0131k rapor bug\u00fcn yay\u0131mland\u0131. Raporda, piyasa ko\u015fullar\u0131n\u0131n bozulmamas\u0131 i\u00e7in \u00fcretici desteklerini d\u00fc\u015f\u00fcr\u00fclmesi tavsiye edildi.<\/p>\n","protected":false},"excerpt":{"rendered":"<p>Merkezi Paris\u2019te bulunan Ekonomik \u0130\u015fbirli\u011fi ve Kalk\u0131nma \u00d6rg\u00fct\u00fc (OECD), \u00fcye \u00fclkelerde tar\u0131m sekt\u00f6r\u00fcnde \u00fcretici desteklerinin azalmas\u0131na ra\u011fmen istenilen d\u00fczeyde olmad\u0131\u011f\u0131 uyar\u0131s\u0131nda bulunuldu. OECD\u2019de \u00fcye \u00fclkelerde tar\u0131m politikalar\u0131n\u0131 ve destek d\u00fczeylerini&hellip;<\/p>\n","protected":false},"author":1,"featured_media":4685,"comment_status":"open","ping_status":"open","sticky":false,"template":"","format":"standard","meta":{"footnotes":""},"categories":[2],"tags":[2886],"class_list":["post-4684","post","type-post","status-publish","format-standard","has-post-thumbnail","hentry","category-tarimgentr","tag-http-www-radikal-com-tr-ekonomi-oecdden_tarima_dogrudan_destegi_azaltin_uyarisi-1210938"],"_links":{"self":[{"href":"https:\/\/tarimhaber.com\/index.php?rest_route=\/wp\/v2\/posts\/4684","targetHints":{"allow":["GET"]}}],"collection":[{"href":"https:\/\/tarimhaber.com\/index.php?rest_route=\/wp\/v2\/posts"}],"about":[{"href":"https:\/\/tarimhaber.com\/index.php?rest_route=\/wp\/v2\/types\/post"}],"author":[{"embeddable":true,"href":"https:\/\/tarimhaber.com\/index.php?rest_route=\/wp\/v2\/users\/1"}],"replies":[{"embeddable":true,"href":"https:\/\/tarimhaber.com\/index.php?rest_route=%2Fwp%2Fv2%2Fcomments&post=4684"}],"version-history":[{"count":0,"href":"https:\/\/tarimhaber.com\/index.php?rest_route=\/wp\/v2\/posts\/4684\/revisions"}],"wp:featuredmedia":[{"embeddable":true,"href":"https:\/\/tarimhaber.com\/index.php?rest_route=\/wp\/v2\/media\/4685"}],"wp:attachment":[{"href":"https:\/\/tarimhaber.com\/index.php?rest_route=%2Fwp%2Fv2%2Fmedia&parent=4684"}],"wp:term":[{"taxonomy":"category","embeddable":true,"href":"https:\/\/tarimhaber.com\/index.php?rest_route=%2Fwp%2Fv2%2Fcategories&post=4684"},{"taxonomy":"post_tag","embeddable":true,"href":"https:\/\/tarimhaber.com\/index.php?rest_route=%2Fwp%2Fv2%2Ftags&post=4684"}],"curies":[{"name":"wp","href":"https:\/\/api.w.org\/{rel}","templated":true}]}}