{"id":4689,"date":"2014-09-09T09:30:32","date_gmt":"2014-09-09T09:30:32","guid":{"rendered":"http:\/\/tarimhaber.com\/?p=4689"},"modified":"2014-09-09T09:30:32","modified_gmt":"2014-09-09T09:30:32","slug":"adanada-en-verimli-tarim-arazileri-parcalanacak","status":"publish","type":"post","link":"https:\/\/tarimhaber.com\/?p=4689","title":{"rendered":"Adana\u2019da en verimli tar\u0131m arazileri par\u00e7alanacak"},"content":{"rendered":"<p>Adana\u2019n\u0131n en verimli arazilerinin yer ald\u0131\u011f\u0131 merkez Y\u00fcre\u011fir il\u00e7esinde belediyenin ge\u00e7en y\u0131l yapt\u0131\u011f\u0131 imar d\u00fczenlemesiyle \u2019tar\u0131m topraklar\u0131n\u0131n, sahiplerinin istemleri d\u0131\u015f\u0131nda par\u00e7aland\u0131\u011f\u0131\u2019 \u00f6ne s\u00fcr\u00fcld\u00fc. Sahil il\u00e7e Karata\u015f yolu istikametinde do\u011fu-bat\u0131 &#8230;<\/p>\n","protected":false},"excerpt":{"rendered":"<p>Adana\u2019n\u0131n en verimli arazilerinin yer ald\u0131\u011f\u0131 merkez Y\u00fcre\u011fir il\u00e7esinde belediyenin ge\u00e7en y\u0131l yapt\u0131\u011f\u0131 imar d\u00fczenlemesiyle \u2019tar\u0131m topraklar\u0131n\u0131n, sahiplerinin istemleri d\u0131\u015f\u0131nda par\u00e7aland\u0131\u011f\u0131\u2019 \u00f6ne s\u00fcr\u00fcld\u00fc. Sahil il\u00e7e Karata\u015f yolu istikametinde do\u011fu-bat\u0131 &#8230;<\/p>\n","protected":false},"author":1,"featured_media":4690,"comment_status":"open","ping_status":"open","sticky":false,"template":"","format":"standard","meta":{"footnotes":""},"categories":[2],"tags":[3435],"class_list":["post-4689","post","type-post","status-publish","format-standard","has-post-thumbnail","hentry","category-tarimgentr","tag-http-www-zaman-com-tr-gundem_adanada-en-verimli-tarim-arazileri-parcalanacak_2242903-html"],"_links":{"self":[{"href":"https:\/\/tarimhaber.com\/index.php?rest_route=\/wp\/v2\/posts\/4689","targetHints":{"allow":["GET"]}}],"collection":[{"href":"https:\/\/tarimhaber.com\/index.php?rest_route=\/wp\/v2\/posts"}],"about":[{"href":"https:\/\/tarimhaber.com\/index.php?rest_route=\/wp\/v2\/types\/post"}],"author":[{"embeddable":true,"href":"https:\/\/tarimhaber.com\/index.php?rest_route=\/wp\/v2\/users\/1"}],"replies":[{"embeddable":true,"href":"https:\/\/tarimhaber.com\/index.php?rest_route=%2Fwp%2Fv2%2Fcomments&post=4689"}],"version-history":[{"count":0,"href":"https:\/\/tarimhaber.com\/index.php?rest_route=\/wp\/v2\/posts\/4689\/revisions"}],"wp:featuredmedia":[{"embeddable":true,"href":"https:\/\/tarimhaber.com\/index.php?rest_route=\/wp\/v2\/media\/4690"}],"wp:attachment":[{"href":"https:\/\/tarimhaber.com\/index.php?rest_route=%2Fwp%2Fv2%2Fmedia&parent=4689"}],"wp:term":[{"taxonomy":"category","embeddable":true,"href":"https:\/\/tarimhaber.com\/index.php?rest_route=%2Fwp%2Fv2%2Fcategories&post=4689"},{"taxonomy":"post_tag","embeddable":true,"href":"https:\/\/tarimhaber.com\/index.php?rest_route=%2Fwp%2Fv2%2Ftags&post=4689"}],"curies":[{"name":"wp","href":"https:\/\/api.w.org\/{rel}","templated":true}]}}