{"id":4698,"date":"2014-09-11T07:06:48","date_gmt":"2014-09-11T07:06:48","guid":{"rendered":"http:\/\/tarimhaber.com\/?p=4698"},"modified":"2014-09-11T07:06:48","modified_gmt":"2014-09-11T07:06:48","slug":"tarimda-turkiyenin-incisi-olan-konya","status":"publish","type":"post","link":"https:\/\/tarimhaber.com\/?p=4698","title":{"rendered":"Tar\u0131mda T\u00fcrkiye\u2019nin incisi olan Konya"},"content":{"rendered":"<p>\u0130l G\u0131da, Tar\u0131m ve Hayvanc\u0131l\u0131k M\u00fcd\u00fcrl\u00fc\u011f\u00fc, \u00f6nemli \u00e7al\u0131\u015fmalara imza at\u0131yor. Konya tar\u0131m\u0131 ve \u00fcretiminin 2003\u20132013 y\u0131l\u0131nda \u00f6nemli derecede b\u00fcy\u00fcd\u00fc\u011f\u00fc g\u00f6ze \u00e7arparken, 2013\u20132023 projeksiyonunda da hedeflenen rakamlar \u00fclkenin ekonomisine \u00f6nemli katk\u0131lar sa\u011flayacak.<\/p>\n","protected":false},"excerpt":{"rendered":"<p>\u0130l G\u0131da, Tar\u0131m ve Hayvanc\u0131l\u0131k M\u00fcd\u00fcrl\u00fc\u011f\u00fc, \u00f6nemli \u00e7al\u0131\u015fmalara imza at\u0131yor. Konya tar\u0131m\u0131 ve \u00fcretiminin 2003\u20132013 y\u0131l\u0131nda \u00f6nemli derecede b\u00fcy\u00fcd\u00fc\u011f\u00fc g\u00f6ze \u00e7arparken, 2013\u20132023 projeksiyonunda da hedeflenen rakamlar \u00fclkenin ekonomisine \u00f6nemli katk\u0131lar&hellip;<\/p>\n","protected":false},"author":1,"featured_media":4699,"comment_status":"open","ping_status":"open","sticky":false,"template":"","format":"standard","meta":{"footnotes":""},"categories":[2],"tags":[2608],"class_list":["post-4698","post","type-post","status-publish","format-standard","has-post-thumbnail","hentry","category-tarimgentr","tag-http-www-memleket-com-tr-tarimda-turkiyenin-incisi-olan-konya-472838h-htm"],"_links":{"self":[{"href":"https:\/\/tarimhaber.com\/index.php?rest_route=\/wp\/v2\/posts\/4698","targetHints":{"allow":["GET"]}}],"collection":[{"href":"https:\/\/tarimhaber.com\/index.php?rest_route=\/wp\/v2\/posts"}],"about":[{"href":"https:\/\/tarimhaber.com\/index.php?rest_route=\/wp\/v2\/types\/post"}],"author":[{"embeddable":true,"href":"https:\/\/tarimhaber.com\/index.php?rest_route=\/wp\/v2\/users\/1"}],"replies":[{"embeddable":true,"href":"https:\/\/tarimhaber.com\/index.php?rest_route=%2Fwp%2Fv2%2Fcomments&post=4698"}],"version-history":[{"count":0,"href":"https:\/\/tarimhaber.com\/index.php?rest_route=\/wp\/v2\/posts\/4698\/revisions"}],"wp:featuredmedia":[{"embeddable":true,"href":"https:\/\/tarimhaber.com\/index.php?rest_route=\/wp\/v2\/media\/4699"}],"wp:attachment":[{"href":"https:\/\/tarimhaber.com\/index.php?rest_route=%2Fwp%2Fv2%2Fmedia&parent=4698"}],"wp:term":[{"taxonomy":"category","embeddable":true,"href":"https:\/\/tarimhaber.com\/index.php?rest_route=%2Fwp%2Fv2%2Fcategories&post=4698"},{"taxonomy":"post_tag","embeddable":true,"href":"https:\/\/tarimhaber.com\/index.php?rest_route=%2Fwp%2Fv2%2Ftags&post=4698"}],"curies":[{"name":"wp","href":"https:\/\/api.w.org\/{rel}","templated":true}]}}