{"id":4734,"date":"2014-12-11T12:51:51","date_gmt":"2014-12-11T12:51:51","guid":{"rendered":"http:\/\/tarimhaber.com\/?p=4734"},"modified":"2014-12-11T12:51:51","modified_gmt":"2014-12-11T12:51:51","slug":"tarim-bilimleri-ve-teknoloji-fakultesi-bakanlar-kurulu-kararini-bekliyor","status":"publish","type":"post","link":"https:\/\/tarimhaber.com\/?p=4734","title":{"rendered":"Tar\u0131m Bilimleri ve Teknoloji Fak\u00fcltesi Bakanlar Kurulu Karar\u0131n\u0131 Bekliyor"},"content":{"rendered":"<p>Ad\u0131yaman Ziraat Odas\u0131 Ba\u015fkan\u0131 Kemal \u015eahin, Ad\u0131yaman \u00dcniversitesi Tar\u0131m Bilimleri ve Teknoloji Fak\u00fcltesi\u2019nin Y\u00d6K taraf\u0131ndan onayland\u0131\u011f\u0131n\u0131 ancak Bakanlar Kurulu taraf\u0131ndan onaylanmay\u0131 bekledi\u011fini kaydetti. Tar\u0131m Bilimleri ve Teknoloji Fak\u00fcltesi\u2019nin Ad\u0131yaman i\u00e7in \u00f6nemli oldu\u011funa dikkat \u00e7eken Kemal \u015eahin, Ad\u0131yaman\u2019\u0131n tar\u0131m kenti oldu\u011funu vurgulad\u0131. Tar\u0131m kentinin olmazsa olmazlar\u0131ndan bir aya\u011f\u0131n\u0131n bilimsel \u00e7al\u0131\u015fmalar oldu\u011funu ifade eden Kemal \u015eahin, &#8220;Tar\u0131m Bilimler ve Teknoloji Fak\u00fcltesi\u2019nin kurulmas\u0131 noktas\u0131nda \u00fcniversitemizin, STK\u2019lar\u0131m\u0131z\u0131n talebi olmu\u015ftu. Y\u00d6K taraf\u0131ndan kurulum onayland\u0131. Ancak Bakanlar Kurulunun onay\u0131 hala bekleniyor.<\/p>\n","protected":false},"excerpt":{"rendered":"<p>Ad\u0131yaman Ziraat Odas\u0131 Ba\u015fkan\u0131 Kemal \u015eahin, Ad\u0131yaman \u00dcniversitesi Tar\u0131m Bilimleri ve Teknoloji Fak\u00fcltesi\u2019nin Y\u00d6K taraf\u0131ndan onayland\u0131\u011f\u0131n\u0131 ancak Bakanlar Kurulu taraf\u0131ndan onaylanmay\u0131 bekledi\u011fini kaydetti. Tar\u0131m Bilimleri ve Teknoloji Fak\u00fcltesi\u2019nin Ad\u0131yaman i\u00e7in&hellip;<\/p>\n","protected":false},"author":1,"featured_media":4735,"comment_status":"open","ping_status":"open","sticky":false,"template":"","format":"standard","meta":{"footnotes":""},"categories":[2],"tags":[1954],"class_list":["post-4734","post","type-post","status-publish","format-standard","has-post-thumbnail","hentry","category-tarimgentr","tag-http-www-haberler-com-tarim-bilimleri-ve-teknoloji-fakultesi-bakanlar-6765547-haberi"],"_links":{"self":[{"href":"https:\/\/tarimhaber.com\/index.php?rest_route=\/wp\/v2\/posts\/4734","targetHints":{"allow":["GET"]}}],"collection":[{"href":"https:\/\/tarimhaber.com\/index.php?rest_route=\/wp\/v2\/posts"}],"about":[{"href":"https:\/\/tarimhaber.com\/index.php?rest_route=\/wp\/v2\/types\/post"}],"author":[{"embeddable":true,"href":"https:\/\/tarimhaber.com\/index.php?rest_route=\/wp\/v2\/users\/1"}],"replies":[{"embeddable":true,"href":"https:\/\/tarimhaber.com\/index.php?rest_route=%2Fwp%2Fv2%2Fcomments&post=4734"}],"version-history":[{"count":0,"href":"https:\/\/tarimhaber.com\/index.php?rest_route=\/wp\/v2\/posts\/4734\/revisions"}],"wp:featuredmedia":[{"embeddable":true,"href":"https:\/\/tarimhaber.com\/index.php?rest_route=\/wp\/v2\/media\/4735"}],"wp:attachment":[{"href":"https:\/\/tarimhaber.com\/index.php?rest_route=%2Fwp%2Fv2%2Fmedia&parent=4734"}],"wp:term":[{"taxonomy":"category","embeddable":true,"href":"https:\/\/tarimhaber.com\/index.php?rest_route=%2Fwp%2Fv2%2Fcategories&post=4734"},{"taxonomy":"post_tag","embeddable":true,"href":"https:\/\/tarimhaber.com\/index.php?rest_route=%2Fwp%2Fv2%2Ftags&post=4734"}],"curies":[{"name":"wp","href":"https:\/\/api.w.org\/{rel}","templated":true}]}}