{"id":4780,"date":"2014-11-07T14:43:10","date_gmt":"2014-11-07T14:43:10","guid":{"rendered":"http:\/\/tarimhaber.com\/?p=4780"},"modified":"2014-11-07T14:43:10","modified_gmt":"2014-11-07T14:43:10","slug":"tarim-disi-istihdam-verisi-aciklandi","status":"publish","type":"post","link":"https:\/\/tarimhaber.com\/?p=4780","title":{"rendered":"Tar\u0131m d\u0131\u015f\u0131 istihdam verisi a\u00e7\u0131kland\u0131"},"content":{"rendered":"<p>ABD \u00c7al\u0131\u015fma Bakanl\u0131\u011f\u0131 verilerine g\u00f6re, tar\u0131m d\u0131\u015f\u0131 istihdam Ekim\u2019de 214,000 ile beklentilerin alt\u0131nda artarken, i\u015fsizlik oran\u0131 alt\u0131 y\u0131l\u0131n yeni d\u00fc\u015f\u00fck seviyesi olan y\u00fczde 5.8\u2019e geriledi. Reuters anketine kat\u0131lan ekonomistler tar\u0131m d\u0131\u015f\u0131 istihdam\u0131n Ekim\u2019de &#8230;<\/p>\n","protected":false},"excerpt":{"rendered":"<p>ABD \u00c7al\u0131\u015fma Bakanl\u0131\u011f\u0131 verilerine g\u00f6re, tar\u0131m d\u0131\u015f\u0131 istihdam Ekim\u2019de 214,000 ile beklentilerin alt\u0131nda artarken, i\u015fsizlik oran\u0131 alt\u0131 y\u0131l\u0131n yeni d\u00fc\u015f\u00fck seviyesi olan y\u00fczde 5.8\u2019e geriledi. Reuters anketine kat\u0131lan ekonomistler tar\u0131m&hellip;<\/p>\n","protected":false},"author":1,"featured_media":0,"comment_status":"open","ping_status":"open","sticky":false,"template":"","format":"standard","meta":{"footnotes":""},"categories":[2],"tags":[653],"class_list":["post-4780","post","type-post","status-publish","format-standard","hentry","category-tarimgentr","tag-http-www-bigpara-com-haber-detay-gundem-tarim-disi-istihdam-verisi-aciklandi-962840"],"_links":{"self":[{"href":"https:\/\/tarimhaber.com\/index.php?rest_route=\/wp\/v2\/posts\/4780","targetHints":{"allow":["GET"]}}],"collection":[{"href":"https:\/\/tarimhaber.com\/index.php?rest_route=\/wp\/v2\/posts"}],"about":[{"href":"https:\/\/tarimhaber.com\/index.php?rest_route=\/wp\/v2\/types\/post"}],"author":[{"embeddable":true,"href":"https:\/\/tarimhaber.com\/index.php?rest_route=\/wp\/v2\/users\/1"}],"replies":[{"embeddable":true,"href":"https:\/\/tarimhaber.com\/index.php?rest_route=%2Fwp%2Fv2%2Fcomments&post=4780"}],"version-history":[{"count":0,"href":"https:\/\/tarimhaber.com\/index.php?rest_route=\/wp\/v2\/posts\/4780\/revisions"}],"wp:attachment":[{"href":"https:\/\/tarimhaber.com\/index.php?rest_route=%2Fwp%2Fv2%2Fmedia&parent=4780"}],"wp:term":[{"taxonomy":"category","embeddable":true,"href":"https:\/\/tarimhaber.com\/index.php?rest_route=%2Fwp%2Fv2%2Fcategories&post=4780"},{"taxonomy":"post_tag","embeddable":true,"href":"https:\/\/tarimhaber.com\/index.php?rest_route=%2Fwp%2Fv2%2Ftags&post=4780"}],"curies":[{"name":"wp","href":"https:\/\/api.w.org\/{rel}","templated":true}]}}