{"id":4789,"date":"2014-11-16T09:07:00","date_gmt":"2014-11-16T09:07:00","guid":{"rendered":"http:\/\/tarimhaber.com\/?p=4789"},"modified":"2014-11-16T09:07:00","modified_gmt":"2014-11-16T09:07:00","slug":"genc-nufusun-azaldigi-koyde-tarim-isi-yaslilara-kaldi","status":"publish","type":"post","link":"https:\/\/tarimhaber.com\/?p=4789","title":{"rendered":"Gen\u00e7 n\u00fcfusun azald\u0131\u011f\u0131 k\u00f6yde tar\u0131m i\u015fi ya\u015fl\u0131lara kald\u0131"},"content":{"rendered":"<p>Babadere k\u00f6y\u00fcnde, i\u015fi ve evi olmayan gen\u00e7ler evlenemedi\u011fi gerek\u00e7esiyle il\u00e7e merkezi ile \u00c7anakkale ve Ezine gibi merkezlere g\u00f6\u00e7 edince tar\u0131m i\u015fleri ya\u015fl\u0131lara kald\u0131.<\/p>\n","protected":false},"excerpt":{"rendered":"<p>Babadere k\u00f6y\u00fcnde, i\u015fi ve evi olmayan gen\u00e7ler evlenemedi\u011fi gerek\u00e7esiyle il\u00e7e merkezi ile \u00c7anakkale ve Ezine gibi merkezlere g\u00f6\u00e7 edince tar\u0131m i\u015fleri ya\u015fl\u0131lara kald\u0131.<\/p>\n","protected":false},"author":1,"featured_media":0,"comment_status":"open","ping_status":"open","sticky":false,"template":"","format":"standard","meta":{"footnotes":""},"categories":[2],"tags":[2884],"class_list":["post-4789","post","type-post","status-publish","format-standard","hentry","category-tarimgentr","tag-http-www-radikal-com-tr-canakkale_haber-genc_nufusun_azaldigi_koyde_tarim_isi_yaslilara_kaldi-1232591"],"_links":{"self":[{"href":"https:\/\/tarimhaber.com\/index.php?rest_route=\/wp\/v2\/posts\/4789","targetHints":{"allow":["GET"]}}],"collection":[{"href":"https:\/\/tarimhaber.com\/index.php?rest_route=\/wp\/v2\/posts"}],"about":[{"href":"https:\/\/tarimhaber.com\/index.php?rest_route=\/wp\/v2\/types\/post"}],"author":[{"embeddable":true,"href":"https:\/\/tarimhaber.com\/index.php?rest_route=\/wp\/v2\/users\/1"}],"replies":[{"embeddable":true,"href":"https:\/\/tarimhaber.com\/index.php?rest_route=%2Fwp%2Fv2%2Fcomments&post=4789"}],"version-history":[{"count":0,"href":"https:\/\/tarimhaber.com\/index.php?rest_route=\/wp\/v2\/posts\/4789\/revisions"}],"wp:attachment":[{"href":"https:\/\/tarimhaber.com\/index.php?rest_route=%2Fwp%2Fv2%2Fmedia&parent=4789"}],"wp:term":[{"taxonomy":"category","embeddable":true,"href":"https:\/\/tarimhaber.com\/index.php?rest_route=%2Fwp%2Fv2%2Fcategories&post=4789"},{"taxonomy":"post_tag","embeddable":true,"href":"https:\/\/tarimhaber.com\/index.php?rest_route=%2Fwp%2Fv2%2Ftags&post=4789"}],"curies":[{"name":"wp","href":"https:\/\/api.w.org\/{rel}","templated":true}]}}