{"id":4795,"date":"2014-11-23T16:12:56","date_gmt":"2014-11-23T16:12:56","guid":{"rendered":"http:\/\/tarimhaber.com\/?p=4795"},"modified":"2014-11-23T16:12:56","modified_gmt":"2014-11-23T16:12:56","slug":"son-5-yilda-tuz-golunun-2-kati-buyuklugunde-tarim-arazisi-imara-acildi","status":"publish","type":"post","link":"https:\/\/tarimhaber.com\/?p=4795","title":{"rendered":"Son 5 y\u0131lda Tuz G\u00f6l\u00fc\u2019n\u00fcn 2 kat\u0131 b\u00fcy\u00fckl\u00fc\u011f\u00fcnde tar\u0131m arazisi imara a\u00e7\u0131ld\u0131"},"content":{"rendered":"<p>Son y\u0131llarda milyonlarca d\u00f6n\u00fcml\u00fck tar\u0131m arazisi imara a\u00e7\u0131larak kullan\u0131lamaz hale geliyor. Toprak Koruma ve Arazi Kullan\u0131m\u0131 Kanunu kapsam\u0131 d\u0131\u015f\u0131na \u00e7\u0131kar\u0131lan tar\u0131m alan\u0131 b\u00fcy\u00fckl\u00fc\u011f\u00fc son be\u015f y\u0131lda 2 milyon 713 bin d\u00f6n\u00fcme ula\u015ft\u0131. Di\u011fer bir ifadeyle Tuz G\u00f6l\u00fc\u2019n\u00fcn iki kat\u0131 kadar verimli arazi imara a\u00e7\u0131ld\u0131. Tar\u0131m Bakanl\u0131\u011f\u0131 verilerine g\u00f6re bu y\u0131l\u0131n ilk dokuz ay\u0131nda ama\u00e7 d\u0131\u015f\u0131 faaliyete izin verilen toprak b\u00fcy\u00fckl\u00fc\u011f\u00fc, ge\u00e7en y\u0131la k\u0131yasla \u00fc\u00e7 kat artt\u0131. 2010\u2019da 394 bin d\u00f6n\u00fcm arazinin tar\u0131m d\u0131\u015f\u0131 kullan\u0131m\u0131na izin verilirken, bu y\u0131l\u0131n ocak-eyl\u00fcl d\u00f6neminde 1 milyon 94 bine yakla\u015ft\u0131.<\/p>\n","protected":false},"excerpt":{"rendered":"<p>Son y\u0131llarda milyonlarca d\u00f6n\u00fcml\u00fck tar\u0131m arazisi imara a\u00e7\u0131larak kullan\u0131lamaz hale geliyor. Toprak Koruma ve Arazi Kullan\u0131m\u0131 Kanunu kapsam\u0131 d\u0131\u015f\u0131na \u00e7\u0131kar\u0131lan tar\u0131m alan\u0131 b\u00fcy\u00fckl\u00fc\u011f\u00fc son be\u015f y\u0131lda 2 milyon 713 bin&hellip;<\/p>\n","protected":false},"author":1,"featured_media":0,"comment_status":"open","ping_status":"open","sticky":false,"template":"","format":"standard","meta":{"footnotes":""},"categories":[2],"tags":[92,435],"class_list":["post-4795","post","type-post","status-publish","format-standard","hentry","category-tarimgentr","tag-92","tag-http-t24-com-tr-haber-son-5-yilda-tuz-golunun-2-kati-buyuklugunde-tarim-arazisi-imara-acildi"],"_links":{"self":[{"href":"https:\/\/tarimhaber.com\/index.php?rest_route=\/wp\/v2\/posts\/4795","targetHints":{"allow":["GET"]}}],"collection":[{"href":"https:\/\/tarimhaber.com\/index.php?rest_route=\/wp\/v2\/posts"}],"about":[{"href":"https:\/\/tarimhaber.com\/index.php?rest_route=\/wp\/v2\/types\/post"}],"author":[{"embeddable":true,"href":"https:\/\/tarimhaber.com\/index.php?rest_route=\/wp\/v2\/users\/1"}],"replies":[{"embeddable":true,"href":"https:\/\/tarimhaber.com\/index.php?rest_route=%2Fwp%2Fv2%2Fcomments&post=4795"}],"version-history":[{"count":0,"href":"https:\/\/tarimhaber.com\/index.php?rest_route=\/wp\/v2\/posts\/4795\/revisions"}],"wp:attachment":[{"href":"https:\/\/tarimhaber.com\/index.php?rest_route=%2Fwp%2Fv2%2Fmedia&parent=4795"}],"wp:term":[{"taxonomy":"category","embeddable":true,"href":"https:\/\/tarimhaber.com\/index.php?rest_route=%2Fwp%2Fv2%2Fcategories&post=4795"},{"taxonomy":"post_tag","embeddable":true,"href":"https:\/\/tarimhaber.com\/index.php?rest_route=%2Fwp%2Fv2%2Ftags&post=4795"}],"curies":[{"name":"wp","href":"https:\/\/api.w.org\/{rel}","templated":true}]}}