{"id":4800,"date":"2014-11-27T23:29:04","date_gmt":"2014-11-27T23:29:04","guid":{"rendered":"http:\/\/tarimhaber.com\/?p=4800"},"modified":"2014-11-27T23:29:04","modified_gmt":"2014-11-27T23:29:04","slug":"tarim-tek-elden-yonetilmeli","status":"publish","type":"post","link":"https:\/\/tarimhaber.com\/?p=4800","title":{"rendered":"Tar\u0131m tek elden y\u00f6netilmeli"},"content":{"rendered":"<p>T\u00dcRK Sanayicileri ve \u0130\u015fadamlar\u0131 Derne\u011fi, (T\u00dcS\u0130AD) T\u00fcrk tar\u0131m sekt\u00f6r\u00fcn\u00fcn t\u00fcm unsurlar\u0131n\u0131 ele almak amac\u0131yla d\u00fczenledi\u011fi \u2018G\u0131da, Tar\u0131m ve Hayvanc\u0131l\u0131k Rekabet G\u00fcc\u00fc\u2019 konferans\u0131 d\u00fczenledi. Toplant\u0131 kapsam\u0131nda T\u00dcS\u0130AD Tar\u0131m ve Tar\u0131ma Dayal\u0131 Sanayiler \u00c7al\u0131\u015fma Grubu \u00f6nc\u00fcl\u00fc\u011f\u00fcnde haz\u0131rlanan ve sekt\u00f6re y\u00f6nelik politikalara katk\u0131 sa\u011flamas\u0131 ama\u00e7lanan \u2018G\u0131da, Tar\u0131m ve Hayvanc\u0131l\u0131k Rekabet G\u00fcc\u00fc \u00e7al\u0131\u015fmas\u0131-Temel bulgular\u0131\u2019 da payla\u015f\u0131ld\u0131. Tar\u0131m\u0131n \u2018tek elden\u2019 y\u00f6netilmesi gerekti\u011fi payla\u015f\u0131l\u0131rken, Ulusal G\u0131da Bilgi ve \u0130leti\u015fim Komitesi kurulmas\u0131 gereklili\u011fine, yeminli g\u0131da m\u00fcfetti\u015fleri sistemi kurulmas\u0131 ve uzun vadeli \u00f6ng\u00f6r\u00fclebilir staretijiler olu\u015fturulmas\u0131 gerekti\u011fine vurgu yap\u0131ld\u0131.<\/p>\n","protected":false},"excerpt":{"rendered":"<p>T\u00dcRK Sanayicileri ve \u0130\u015fadamlar\u0131 Derne\u011fi, (T\u00dcS\u0130AD) T\u00fcrk tar\u0131m sekt\u00f6r\u00fcn\u00fcn t\u00fcm unsurlar\u0131n\u0131 ele almak amac\u0131yla d\u00fczenledi\u011fi \u2018G\u0131da, Tar\u0131m ve Hayvanc\u0131l\u0131k Rekabet G\u00fcc\u00fc\u2019 konferans\u0131 d\u00fczenledi. Toplant\u0131 kapsam\u0131nda T\u00dcS\u0130AD Tar\u0131m ve Tar\u0131ma Dayal\u0131&hellip;<\/p>\n","protected":false},"author":1,"featured_media":4801,"comment_status":"open","ping_status":"open","sticky":false,"template":"","format":"standard","meta":{"footnotes":""},"categories":[2],"tags":[2403],"class_list":["post-4800","post","type-post","status-publish","format-standard","has-post-thumbnail","hentry","category-tarimgentr","tag-http-www-hurriyet-com-tr-ekonomi-27667592-asp"],"_links":{"self":[{"href":"https:\/\/tarimhaber.com\/index.php?rest_route=\/wp\/v2\/posts\/4800","targetHints":{"allow":["GET"]}}],"collection":[{"href":"https:\/\/tarimhaber.com\/index.php?rest_route=\/wp\/v2\/posts"}],"about":[{"href":"https:\/\/tarimhaber.com\/index.php?rest_route=\/wp\/v2\/types\/post"}],"author":[{"embeddable":true,"href":"https:\/\/tarimhaber.com\/index.php?rest_route=\/wp\/v2\/users\/1"}],"replies":[{"embeddable":true,"href":"https:\/\/tarimhaber.com\/index.php?rest_route=%2Fwp%2Fv2%2Fcomments&post=4800"}],"version-history":[{"count":0,"href":"https:\/\/tarimhaber.com\/index.php?rest_route=\/wp\/v2\/posts\/4800\/revisions"}],"wp:featuredmedia":[{"embeddable":true,"href":"https:\/\/tarimhaber.com\/index.php?rest_route=\/"}],"wp:attachment":[{"href":"https:\/\/tarimhaber.com\/index.php?rest_route=%2Fwp%2Fv2%2Fmedia&parent=4800"}],"wp:term":[{"taxonomy":"category","embeddable":true,"href":"https:\/\/tarimhaber.com\/index.php?rest_route=%2Fwp%2Fv2%2Fcategories&post=4800"},{"taxonomy":"post_tag","embeddable":true,"href":"https:\/\/tarimhaber.com\/index.php?rest_route=%2Fwp%2Fv2%2Ftags&post=4800"}],"curies":[{"name":"wp","href":"https:\/\/api.w.org\/{rel}","templated":true}]}}