{"id":4804,"date":"2014-12-07T11:18:57","date_gmt":"2014-12-07T11:18:57","guid":{"rendered":"http:\/\/tarimhaber.com\/?p=4804"},"modified":"2014-12-07T11:18:57","modified_gmt":"2014-12-07T11:18:57","slug":"boylesi-de-oluyormus-maden-ocagindan-zeytinlige-donusun-oykusu","status":"publish","type":"post","link":"https:\/\/tarimhaber.com\/?p=4804","title":{"rendered":"B\u00f6ylesi de oluyormu\u015f: Maden oca\u011f\u0131ndan zeytinli\u011fe d\u00f6n\u00fc\u015f\u00fcn \u00f6yk\u00fcs\u00fc"},"content":{"rendered":"<p>Ayd\u0131n\u2019da linyit k\u00f6m\u00fcr\u00fc \u00e7\u0131kar\u0131lan bir maden kapat\u0131larak yerine ucu buca\u011f\u0131 belli olmayan 13 bin a\u011fa\u00e7l\u0131k zeytin orman\u0131 yarat\u0131ld\u0131. \u00dcstelik kratere d\u00f6n\u00fc\u015fm\u00fc\u015f \u00e7ukurlar suni g\u00f6lete, a\u011f\u0131llara hapsedilmi\u015f hayvanlar do\u011faya sal\u0131narak.<br \/>\n&#8230;.<\/p>\n<p>Bir zamanlar \u2018A\u00e7\u0131k Alan K\u00f6m\u00fcr \u0130\u015fletmesi\u2019 faaliyetine \u015fahit olan arazilerde yer alan Zetay Zeytin Bah\u00e7esi bu \u00f6zelli\u011fi ile de ilgi \u00e7ekiyor, d\u00f6n\u00fc\u015f\u00fcm modeli olarak g\u00f6steriliyor. Maddi manevi fedak\u00e2rl\u0131klar ve y\u00f6re halk\u0131n\u0131n b\u00fcy\u00fck emek katk\u0131s\u0131n\u0131n yo\u011frulmas\u0131 ile \u20180\u2019 noktas\u0131ndan yeniden tar\u0131ma ve do\u011faya kazand\u0131r\u0131lm\u0131\u015f olan bu bah\u00e7ede, zeytin a\u011fac\u0131 t\u00fcrleri ve di\u011fer y\u00f6re iklimine uygun meyve a\u011fa\u00e7lar\u0131, k\u00fcmes hayvanlar\u0131, k\u00fc\u00e7\u00fckba\u015f hayvanlar beraberce ya\u015fayarak hem do\u011fal hem organik dengeyi olu\u015fturuyor. D\u00fcnya \u00e7ap\u0131ndaki zeytinya\u011f\u0131 yar\u0131\u015fmalar\u0131ndan al\u0131nan madalyalar ise bu modelin ne kadar yank\u0131 buldu\u011funu g\u00f6steriyor<\/p>\n","protected":false},"excerpt":{"rendered":"<p>Ayd\u0131n\u2019da linyit k\u00f6m\u00fcr\u00fc \u00e7\u0131kar\u0131lan bir maden kapat\u0131larak yerine ucu buca\u011f\u0131 belli olmayan 13 bin a\u011fa\u00e7l\u0131k zeytin orman\u0131 yarat\u0131ld\u0131. \u00dcstelik kratere d\u00f6n\u00fc\u015fm\u00fc\u015f \u00e7ukurlar suni g\u00f6lete, a\u011f\u0131llara hapsedilmi\u015f hayvanlar do\u011faya sal\u0131narak. &#8230;.&hellip;<\/p>\n","protected":false},"author":1,"featured_media":4805,"comment_status":"open","ping_status":"open","sticky":false,"template":"","format":"standard","meta":{"footnotes":""},"categories":[2],"tags":[2404],"class_list":["post-4804","post","type-post","status-publish","format-standard","has-post-thumbnail","hentry","category-tarimgentr","tag-http-www-hurriyet-com-tr-ekonomi-27722741-aspnomobiletrue"],"_links":{"self":[{"href":"https:\/\/tarimhaber.com\/index.php?rest_route=\/wp\/v2\/posts\/4804","targetHints":{"allow":["GET"]}}],"collection":[{"href":"https:\/\/tarimhaber.com\/index.php?rest_route=\/wp\/v2\/posts"}],"about":[{"href":"https:\/\/tarimhaber.com\/index.php?rest_route=\/wp\/v2\/types\/post"}],"author":[{"embeddable":true,"href":"https:\/\/tarimhaber.com\/index.php?rest_route=\/wp\/v2\/users\/1"}],"replies":[{"embeddable":true,"href":"https:\/\/tarimhaber.com\/index.php?rest_route=%2Fwp%2Fv2%2Fcomments&post=4804"}],"version-history":[{"count":0,"href":"https:\/\/tarimhaber.com\/index.php?rest_route=\/wp\/v2\/posts\/4804\/revisions"}],"wp:featuredmedia":[{"embeddable":true,"href":"https:\/\/tarimhaber.com\/index.php?rest_route=\/"}],"wp:attachment":[{"href":"https:\/\/tarimhaber.com\/index.php?rest_route=%2Fwp%2Fv2%2Fmedia&parent=4804"}],"wp:term":[{"taxonomy":"category","embeddable":true,"href":"https:\/\/tarimhaber.com\/index.php?rest_route=%2Fwp%2Fv2%2Fcategories&post=4804"},{"taxonomy":"post_tag","embeddable":true,"href":"https:\/\/tarimhaber.com\/index.php?rest_route=%2Fwp%2Fv2%2Ftags&post=4804"}],"curies":[{"name":"wp","href":"https:\/\/api.w.org\/{rel}","templated":true}]}}