{"id":4823,"date":"2014-12-24T07:38:58","date_gmt":"2014-12-24T07:38:58","guid":{"rendered":"http:\/\/tarimhaber.com\/?p=4823"},"modified":"2014-12-24T07:38:58","modified_gmt":"2014-12-24T07:38:58","slug":"koyler-mahalle-oldu-tarim-yuzde-13-kuculdu","status":"publish","type":"post","link":"https:\/\/tarimhaber.com\/?p=4823","title":{"rendered":"K\u00f6yler mahalle oldu, tar\u0131m y\u00fczde 13 k\u00fc\u00e7\u00fcld\u00fc"},"content":{"rendered":"<p>\u0130zmir\u2019in Seferihisar Belediyesi ve Tar\u0131m Ekonomi Derne\u011fi ortakl\u0131\u011f\u0131yla il\u00e7ede, \u201cK\u00f6ylerin Yerinden Y\u00f6netimi\u201d isimli bir \u00e7al\u0131\u015ftay d\u00fczenlendi. Toplant\u0131n\u0131n a\u00e7\u0131l\u0131\u015f\u0131nda konu\u015fan Ba\u015fkan Soyer, \u201cB\u00fct\u00fcn\u015fehir Yasas\u0131\u2019yla bir gecede 16 bin k\u00f6y t\u00fczel ki\u015fili\u011fini yitirdi, mahalle oldu. S\u00f6zde, k\u0131rsal n\u00fcfus y\u00fczde 24\u2019ten y\u00fczde 8\u2019lere d\u00fc\u015ft\u00fc. Bu yasal d\u00fczenleme, T\u00fcrkiye i\u00e7in \u00e7ok a\u011f\u0131r bir travma anlam\u0131na geliyor. K\u00f6ylerin kapat\u0131lmas\u0131n\u0131n \u00e7ok net bir anlam\u0131 var, bu devlet bu \u00f6l\u00e7ekte \u00fcretim yap\u0131ls\u0131n istemiyor. Tar\u0131m\u0131 end\u00fcstriyel boyutta, b\u00fcy\u00fck \u00f6l\u00e7ekli yap\u0131ls\u0131n istiyor. 2013 y\u0131l\u0131ndan bug\u00fcne tar\u0131msal \u00fcretimin y\u00fczde 13 k\u00fc\u00e7\u00fcld\u00fc\u011f\u00fcn\u00fc, bunun da \u00e7ok \u00f6nemsenmedi\u011fini g\u00f6r\u00fcyoruz. \u201d dedi.<\/p>\n","protected":false},"excerpt":{"rendered":"<p>\u0130zmir\u2019in Seferihisar Belediyesi ve Tar\u0131m Ekonomi Derne\u011fi ortakl\u0131\u011f\u0131yla il\u00e7ede, \u201cK\u00f6ylerin Yerinden Y\u00f6netimi\u201d isimli bir \u00e7al\u0131\u015ftay d\u00fczenlendi. Toplant\u0131n\u0131n a\u00e7\u0131l\u0131\u015f\u0131nda konu\u015fan Ba\u015fkan Soyer, \u201cB\u00fct\u00fcn\u015fehir Yasas\u0131\u2019yla bir gecede 16 bin k\u00f6y t\u00fczel ki\u015fili\u011fini&hellip;<\/p>\n","protected":false},"author":1,"featured_media":0,"comment_status":"open","ping_status":"open","sticky":false,"template":"","format":"standard","meta":{"footnotes":""},"categories":[2],"tags":[3008],"class_list":["post-4823","post","type-post","status-publish","format-standard","hentry","category-tarimgentr","tag-http-www-risalehaber-com-koyler-mahalle-oldu-tarim-yuzde-13-kuculdu-225883h-htm"],"_links":{"self":[{"href":"https:\/\/tarimhaber.com\/index.php?rest_route=\/wp\/v2\/posts\/4823","targetHints":{"allow":["GET"]}}],"collection":[{"href":"https:\/\/tarimhaber.com\/index.php?rest_route=\/wp\/v2\/posts"}],"about":[{"href":"https:\/\/tarimhaber.com\/index.php?rest_route=\/wp\/v2\/types\/post"}],"author":[{"embeddable":true,"href":"https:\/\/tarimhaber.com\/index.php?rest_route=\/wp\/v2\/users\/1"}],"replies":[{"embeddable":true,"href":"https:\/\/tarimhaber.com\/index.php?rest_route=%2Fwp%2Fv2%2Fcomments&post=4823"}],"version-history":[{"count":0,"href":"https:\/\/tarimhaber.com\/index.php?rest_route=\/wp\/v2\/posts\/4823\/revisions"}],"wp:attachment":[{"href":"https:\/\/tarimhaber.com\/index.php?rest_route=%2Fwp%2Fv2%2Fmedia&parent=4823"}],"wp:term":[{"taxonomy":"category","embeddable":true,"href":"https:\/\/tarimhaber.com\/index.php?rest_route=%2Fwp%2Fv2%2Fcategories&post=4823"},{"taxonomy":"post_tag","embeddable":true,"href":"https:\/\/tarimhaber.com\/index.php?rest_route=%2Fwp%2Fv2%2Ftags&post=4823"}],"curies":[{"name":"wp","href":"https:\/\/api.w.org\/{rel}","templated":true}]}}