{"id":4831,"date":"2015-01-01T16:09:48","date_gmt":"2015-01-01T16:09:48","guid":{"rendered":"http:\/\/tarimhaber.com\/?p=4831"},"modified":"2015-01-01T16:09:48","modified_gmt":"2015-01-01T16:09:48","slug":"nehirler-tasti-binlerce-hayvan-telef-oldutarim-alanlari-su-altinda","status":"publish","type":"post","link":"https:\/\/tarimhaber.com\/?p=4831","title":{"rendered":"Nehirler ta\u015ft\u0131: Binlerce hayvan telef oldu,tar\u0131m alanlar\u0131 su alt\u0131nda"},"content":{"rendered":"<p>Manisa\u2019n\u0131n Turgutlu il\u00e7esinde, Gediz Nehri\u2019nin ta\u015fmas\u0131 sonucu binlerce d\u00f6n\u00fcm tar\u0131m arazisi ile 70\u2019e yak\u0131n besi hayvan \u00e7iftli\u011fi sular alt\u0131nda kald\u0131, 22 bin tavuk telef oldu. D\u00f6rt g\u00fcnd\u00fcr aral\u0131ks\u0131z devam eden ya\u011f\u0131\u015flar nedeniyle, Gediz Nehri\u2019nin ta\u015fmas\u0131 sonucu Turgutlu Ovas\u0131 Geren, Arpal\u0131k, Sar\u0131bey, Urganl\u0131, Hamzabeyli\u2019de ekili alanlarda zarar meydana geldi.Nehrin, Arpal\u0131k ve Geren mevkisinde nehir yata\u011f\u0131na yak\u0131n b\u00f6l\u00fcmlerde bulunan 14 adet k\u00fc\u00e7\u00fck ve b\u00fcy\u00fckba\u015f hayvan \u00e7iftli\u011fi, sahipleri taraf\u0131ndan tahliye edilirken, 50\u2019ye yak\u0131n hayvan besi \u00e7iftli\u011findeki hayvanlar ise mahsur kald\u0131.<\/p>\n","protected":false},"excerpt":{"rendered":"<p>Manisa\u2019n\u0131n Turgutlu il\u00e7esinde, Gediz Nehri\u2019nin ta\u015fmas\u0131 sonucu binlerce d\u00f6n\u00fcm tar\u0131m arazisi ile 70\u2019e yak\u0131n besi hayvan \u00e7iftli\u011fi sular alt\u0131nda kald\u0131, 22 bin tavuk telef oldu. D\u00f6rt g\u00fcnd\u00fcr aral\u0131ks\u0131z devam eden&hellip;<\/p>\n","protected":false},"author":1,"featured_media":0,"comment_status":"open","ping_status":"open","sticky":false,"template":"","format":"standard","meta":{"footnotes":""},"categories":[2],"tags":[735],"class_list":["post-4831","post","type-post","status-publish","format-standard","hentry","category-tarimgentr","tag-http-www-cnnturk-com-haber-turkiye-menderes-nehri-tasti-tarim-alanlari-su-altinda-kaldi"],"_links":{"self":[{"href":"https:\/\/tarimhaber.com\/index.php?rest_route=\/wp\/v2\/posts\/4831","targetHints":{"allow":["GET"]}}],"collection":[{"href":"https:\/\/tarimhaber.com\/index.php?rest_route=\/wp\/v2\/posts"}],"about":[{"href":"https:\/\/tarimhaber.com\/index.php?rest_route=\/wp\/v2\/types\/post"}],"author":[{"embeddable":true,"href":"https:\/\/tarimhaber.com\/index.php?rest_route=\/wp\/v2\/users\/1"}],"replies":[{"embeddable":true,"href":"https:\/\/tarimhaber.com\/index.php?rest_route=%2Fwp%2Fv2%2Fcomments&post=4831"}],"version-history":[{"count":0,"href":"https:\/\/tarimhaber.com\/index.php?rest_route=\/wp\/v2\/posts\/4831\/revisions"}],"wp:attachment":[{"href":"https:\/\/tarimhaber.com\/index.php?rest_route=%2Fwp%2Fv2%2Fmedia&parent=4831"}],"wp:term":[{"taxonomy":"category","embeddable":true,"href":"https:\/\/tarimhaber.com\/index.php?rest_route=%2Fwp%2Fv2%2Fcategories&post=4831"},{"taxonomy":"post_tag","embeddable":true,"href":"https:\/\/tarimhaber.com\/index.php?rest_route=%2Fwp%2Fv2%2Ftags&post=4831"}],"curies":[{"name":"wp","href":"https:\/\/api.w.org\/{rel}","templated":true}]}}