{"id":4838,"date":"2015-01-09T13:37:29","date_gmt":"2015-01-09T13:37:29","guid":{"rendered":"http:\/\/tarimhaber.com\/?p=4838"},"modified":"2015-01-09T13:37:29","modified_gmt":"2015-01-09T13:37:29","slug":"gidada-tarla-ve-market-fiyat-farki-kapanacak","status":"publish","type":"post","link":"https:\/\/tarimhaber.com\/?p=4838","title":{"rendered":"G\u0131dada tarla ve market fiyat fark\u0131 kapanacak"},"content":{"rendered":"<p>Kalk\u0131nma Bakan\u0131 Cevdet Y\u0131lmaz, g\u0131da fiyatlar\u0131ndaki tarla-market aras\u0131ndaki fiyat fark\u0131 konusunda \u00e7al\u0131\u015fma yapacaklar\u0131n\u0131 s\u00f6yledi. G\u0131da ve Tar\u0131msal \u00dcr\u00fcn Piyasalar\u0131 \u0130zleme ve De\u011ferlendirme Komitesi kuruldu\u011funu s\u00f6yleyen Y\u0131lmaz &#8220;G\u0131da fiyatlar\u0131ndaki geli\u015fme sosyal a\u00e7\u0131dan da \u00f6nemli bu nedenle b\u00f6yle bir komitenin olu\u015fturulmas\u0131 iyi oldu. \u0130lgili taraflarla Tar\u0131m bakanl\u0131\u011f\u0131 koordine ediyor hem enflasyon a\u00e7\u0131s\u0131ndan fiyatlar\u0131 geli\u015fmelerini takip etmek m\u00fcmk\u00fcn olacak hem de \u00fcretim zincir noktas\u0131nda tekip etmek m\u00fcmk\u00fcn olacak.<\/p>\n","protected":false},"excerpt":{"rendered":"<p>Kalk\u0131nma Bakan\u0131 Cevdet Y\u0131lmaz, g\u0131da fiyatlar\u0131ndaki tarla-market aras\u0131ndaki fiyat fark\u0131 konusunda \u00e7al\u0131\u015fma yapacaklar\u0131n\u0131 s\u00f6yledi. G\u0131da ve Tar\u0131msal \u00dcr\u00fcn Piyasalar\u0131 \u0130zleme ve De\u011ferlendirme Komitesi kuruldu\u011funu s\u00f6yleyen Y\u0131lmaz &#8220;G\u0131da fiyatlar\u0131ndaki geli\u015fme sosyal&hellip;<\/p>\n","protected":false},"author":1,"featured_media":4839,"comment_status":"open","ping_status":"open","sticky":false,"template":"","format":"standard","meta":{"footnotes":""},"categories":[2],"tags":[2647],"class_list":["post-4838","post","type-post","status-publish","format-standard","has-post-thumbnail","hentry","category-tarimgentr","tag-http-www-memurlar-net-haber-496877"],"_links":{"self":[{"href":"https:\/\/tarimhaber.com\/index.php?rest_route=\/wp\/v2\/posts\/4838","targetHints":{"allow":["GET"]}}],"collection":[{"href":"https:\/\/tarimhaber.com\/index.php?rest_route=\/wp\/v2\/posts"}],"about":[{"href":"https:\/\/tarimhaber.com\/index.php?rest_route=\/wp\/v2\/types\/post"}],"author":[{"embeddable":true,"href":"https:\/\/tarimhaber.com\/index.php?rest_route=\/wp\/v2\/users\/1"}],"replies":[{"embeddable":true,"href":"https:\/\/tarimhaber.com\/index.php?rest_route=%2Fwp%2Fv2%2Fcomments&post=4838"}],"version-history":[{"count":0,"href":"https:\/\/tarimhaber.com\/index.php?rest_route=\/wp\/v2\/posts\/4838\/revisions"}],"wp:featuredmedia":[{"embeddable":true,"href":"https:\/\/tarimhaber.com\/index.php?rest_route=\/wp\/v2\/media\/4839"}],"wp:attachment":[{"href":"https:\/\/tarimhaber.com\/index.php?rest_route=%2Fwp%2Fv2%2Fmedia&parent=4838"}],"wp:term":[{"taxonomy":"category","embeddable":true,"href":"https:\/\/tarimhaber.com\/index.php?rest_route=%2Fwp%2Fv2%2Fcategories&post=4838"},{"taxonomy":"post_tag","embeddable":true,"href":"https:\/\/tarimhaber.com\/index.php?rest_route=%2Fwp%2Fv2%2Ftags&post=4838"}],"curies":[{"name":"wp","href":"https:\/\/api.w.org\/{rel}","templated":true}]}}