{"id":4846,"date":"2015-01-14T06:58:12","date_gmt":"2015-01-14T06:58:12","guid":{"rendered":"http:\/\/tarimhaber.com\/?p=4846"},"modified":"2015-01-14T06:58:12","modified_gmt":"2015-01-14T06:58:12","slug":"sozlu-tarim-topraklarini-koruyacagiz","status":"publish","type":"post","link":"https:\/\/tarimhaber.com\/?p=4846","title":{"rendered":"S\u00f6zl\u00fc: \u2019Tar\u0131m topraklar\u0131n\u0131 koruyaca\u011f\u0131z\u2019"},"content":{"rendered":"<p>Tar\u0131m \u00d6\u011fretiminin 169. Y\u0131ld\u00f6n\u00fcm\u00fc nedeniyle \u00c7ukurova \u00dcniversitesi Ziraat Fak\u00fcltesi Akif Kansu Toplant\u0131 Salonu\u2019nda d\u00fczenlenen etkinli\u011fe kat\u0131lan Adana B\u00fcy\u00fck\u015fehir Belediye Ba\u015fkan\u0131 H\u00fcseyin S\u00f6zl\u00fc, tar\u0131m e\u011fitiminin ve ziraatin \u00f6nemine de\u011findi. S\u00f6zl\u00fc, \u201cZiraat m\u00fchendisleri halkla i\u00e7 i\u00e7edir. Ben halk tipi bir siyaset\u00e7iyim. Bunu da ziraat m\u00fchendisli\u011fine ve ziraat m\u00fchendisli\u011finin bana kazand\u0131rd\u0131klar\u0131na bor\u00e7luyum. Ziraat m\u00fchendisleri y\u00fcksek donan\u0131mla e\u011fitilir ve hayata haz\u0131rlan\u0131r. B\u00f6ylesine g\u00fc\u00e7l\u00fc bir temel e\u011fitim alan ziraat m\u00fchendisleri, mesleklerini severek icra ederlerse, kafa yorarlarsa, masa ba\u015f\u0131na oturmak yerine alanda ziraat m\u00fchendisli\u011fi icra etme arzusu ta\u015f\u0131rlarsa, ziraat m\u00fchendisli\u011fi hayatta da kendilerine \u00e7ok b\u00fcy\u00fck f\u0131rsatlar sunar. \u0130nsanlarla i\u00e7 i\u00e7e \u00e7al\u0131\u015fma ortam\u0131ndan dolay\u0131 ba\u015far\u0131n\u0131n \u00f6n\u00fc a\u00e7\u0131l\u0131yor. O y\u00fczden \u00fcniversite s\u0131nav\u0131nda ziraat m\u00fchendisli\u011fini se\u00e7mem hayat\u0131m\u0131n en \u00f6nemli tercihlerinden biridir\u201d dedi.<\/p>\n","protected":false},"excerpt":{"rendered":"<p>Tar\u0131m \u00d6\u011fretiminin 169. Y\u0131ld\u00f6n\u00fcm\u00fc nedeniyle \u00c7ukurova \u00dcniversitesi Ziraat Fak\u00fcltesi Akif Kansu Toplant\u0131 Salonu\u2019nda d\u00fczenlenen etkinli\u011fe kat\u0131lan Adana B\u00fcy\u00fck\u015fehir Belediye Ba\u015fkan\u0131 H\u00fcseyin S\u00f6zl\u00fc, tar\u0131m e\u011fitiminin ve ziraatin \u00f6nemine de\u011findi. S\u00f6zl\u00fc, \u201cZiraat&hellip;<\/p>\n","protected":false},"author":1,"featured_media":0,"comment_status":"open","ping_status":"open","sticky":false,"template":"","format":"standard","meta":{"footnotes":""},"categories":[2],"tags":[482],"class_list":["post-4846","post","type-post","status-publish","format-standard","hentry","category-tarimgentr","tag-http-www-adanamedya-com-sozlu-tarim-topraklarini-koruyacagiz-61674h-htm"],"_links":{"self":[{"href":"https:\/\/tarimhaber.com\/index.php?rest_route=\/wp\/v2\/posts\/4846","targetHints":{"allow":["GET"]}}],"collection":[{"href":"https:\/\/tarimhaber.com\/index.php?rest_route=\/wp\/v2\/posts"}],"about":[{"href":"https:\/\/tarimhaber.com\/index.php?rest_route=\/wp\/v2\/types\/post"}],"author":[{"embeddable":true,"href":"https:\/\/tarimhaber.com\/index.php?rest_route=\/wp\/v2\/users\/1"}],"replies":[{"embeddable":true,"href":"https:\/\/tarimhaber.com\/index.php?rest_route=%2Fwp%2Fv2%2Fcomments&post=4846"}],"version-history":[{"count":0,"href":"https:\/\/tarimhaber.com\/index.php?rest_route=\/wp\/v2\/posts\/4846\/revisions"}],"wp:attachment":[{"href":"https:\/\/tarimhaber.com\/index.php?rest_route=%2Fwp%2Fv2%2Fmedia&parent=4846"}],"wp:term":[{"taxonomy":"category","embeddable":true,"href":"https:\/\/tarimhaber.com\/index.php?rest_route=%2Fwp%2Fv2%2Fcategories&post=4846"},{"taxonomy":"post_tag","embeddable":true,"href":"https:\/\/tarimhaber.com\/index.php?rest_route=%2Fwp%2Fv2%2Ftags&post=4846"}],"curies":[{"name":"wp","href":"https:\/\/api.w.org\/{rel}","templated":true}]}}