{"id":4847,"date":"2015-01-14T13:04:24","date_gmt":"2015-01-14T13:04:24","guid":{"rendered":"http:\/\/tarimhaber.com\/?p=4847"},"modified":"2015-01-14T13:04:24","modified_gmt":"2015-01-14T13:04:24","slug":"ceviz-bu-kanseri-yavaslatiyor","status":"publish","type":"post","link":"https:\/\/tarimhaber.com\/?p=4847","title":{"rendered":"Ceviz bu kanseri yava\u015flat\u0131yor"},"content":{"rendered":"<p>Cevizin, erkeklerde kansere ba\u011fl\u0131 \u00f6l\u00fcmlerin en \u00f6nemli nedenlerinden biri olarak g\u00f6sterilen prostat\u0131 yava\u015flatt\u0131\u011f\u0131 belirlendi. Journal Of Medicinal Food Dergisinde yay\u0131nlanan ara\u015ft\u0131rmada; erkeklerde kansere ba\u011fl\u0131 \u00f6l\u00fcmlerin en \u00f6nemli nedenlerinden biri olan Prostat Kanseri geli\u015fiminin ceviz y\u00f6n\u00fcnden zengin bir diyetle yava\u015flat\u0131ld\u0131\u011f\u0131 ortaya konuldu. Prostat kanseri T\u00fcrkiye\u2019de erkeklerde kansere ba\u011fl\u0131 \u00f6l\u00fcmlerin akci\u011fer kanserinden sonra ikinci nedeni. Kanser erken evrede tespit ve tedavi edildi\u011finde hayatta kalma oran\u0131 y\u00fcksek olsa da, T\u00fcrk \u00dcroloji Derne\u011fi, her 12 erkekten birine hayat\u0131n\u0131n bir an\u0131nda prostat kanseri te\u015fhisi konaca\u011f\u0131n\u0131 tahmin ediyor.<\/p>\n","protected":false},"excerpt":{"rendered":"<p>Cevizin, erkeklerde kansere ba\u011fl\u0131 \u00f6l\u00fcmlerin en \u00f6nemli nedenlerinden biri olarak g\u00f6sterilen prostat\u0131 yava\u015flatt\u0131\u011f\u0131 belirlendi. Journal Of Medicinal Food Dergisinde yay\u0131nlanan ara\u015ft\u0131rmada; erkeklerde kansere ba\u011fl\u0131 \u00f6l\u00fcmlerin en \u00f6nemli nedenlerinden biri olan&hellip;<\/p>\n","protected":false},"author":1,"featured_media":4848,"comment_status":"open","ping_status":"open","sticky":false,"template":"","format":"standard","meta":{"footnotes":""},"categories":[2],"tags":[3055],"class_list":["post-4847","post","type-post","status-publish","format-standard","has-post-thumbnail","hentry","category-tarimgentr","tag-http-www-sabah-com-tr-saglik-2015-01-14-ceviz-bu-kanseri-yavaslatiyor"],"_links":{"self":[{"href":"https:\/\/tarimhaber.com\/index.php?rest_route=\/wp\/v2\/posts\/4847","targetHints":{"allow":["GET"]}}],"collection":[{"href":"https:\/\/tarimhaber.com\/index.php?rest_route=\/wp\/v2\/posts"}],"about":[{"href":"https:\/\/tarimhaber.com\/index.php?rest_route=\/wp\/v2\/types\/post"}],"author":[{"embeddable":true,"href":"https:\/\/tarimhaber.com\/index.php?rest_route=\/wp\/v2\/users\/1"}],"replies":[{"embeddable":true,"href":"https:\/\/tarimhaber.com\/index.php?rest_route=%2Fwp%2Fv2%2Fcomments&post=4847"}],"version-history":[{"count":0,"href":"https:\/\/tarimhaber.com\/index.php?rest_route=\/wp\/v2\/posts\/4847\/revisions"}],"wp:featuredmedia":[{"embeddable":true,"href":"https:\/\/tarimhaber.com\/index.php?rest_route=\/wp\/v2\/media\/4848"}],"wp:attachment":[{"href":"https:\/\/tarimhaber.com\/index.php?rest_route=%2Fwp%2Fv2%2Fmedia&parent=4847"}],"wp:term":[{"taxonomy":"category","embeddable":true,"href":"https:\/\/tarimhaber.com\/index.php?rest_route=%2Fwp%2Fv2%2Fcategories&post=4847"},{"taxonomy":"post_tag","embeddable":true,"href":"https:\/\/tarimhaber.com\/index.php?rest_route=%2Fwp%2Fv2%2Ftags&post=4847"}],"curies":[{"name":"wp","href":"https:\/\/api.w.org\/{rel}","templated":true}]}}