{"id":4874,"date":"2015-02-08T16:32:59","date_gmt":"2015-02-08T16:32:59","guid":{"rendered":"http:\/\/tarimhaber.com\/?p=4874"},"modified":"2015-02-08T16:32:59","modified_gmt":"2015-02-08T16:32:59","slug":"koyluler-jeotermale-karsi-tarim-alanlarinin-korunmasini-istedi","status":"publish","type":"post","link":"https:\/\/tarimhaber.com\/?p=4874","title":{"rendered":"K\u00f6yl\u00fcler, jeotermale kar\u015f\u0131 tar\u0131m alanlar\u0131n\u0131n korunmas\u0131n\u0131 istedi"},"content":{"rendered":"<p>Ayd\u0131n\u2019da tar\u0131m alanlar\u0131nda \u00f6zellikle incir ve zeytinlik alanlarda a\u00e7\u0131lan jeotermal kuyular\u0131 ve tesisleri, ge\u00e7imini tar\u0131mla sa\u011flayan Ayd\u0131nl\u0131lar\u0131 tedirgin ediyor. K\u00f6yl\u00fcleri jeotermalle ilgili bilgilendirmek isteyen baz\u0131 \u00e7evreci dernek ve kurulu\u015flar\u0131, Ayd\u0131n Efeler il\u00e7esi \u0130mamk\u00f6y Mahallesi\u2019nde bir toplant\u0131 yapt\u0131. Toplant\u0131ya, \u00e7evreciler ve k\u00f6yl\u00fcler kat\u0131ld\u0131. K\u00f6yl\u00fcler, \u00fc\u00e7 nesildir ge\u00e7im kaynaklar\u0131 olan zeytin a\u011fa\u00e7lar\u0131n\u0131n jeotermal i\u00e7in kesilmesine kar\u015f\u0131 \u00e7\u0131kt\u0131. Haklar\u0131n\u0131 arayamad\u0131klar\u0131n\u0131 ve jeotermal enerji alanlar\u0131n\u0131n \u00c7ED\u2019den muaf tutuldu\u011fundan dert yanan mahalle sakinleri, tar\u0131m alanlar\u0131n\u0131n korunmas\u0131n\u0131 istedi.<\/p>\n","protected":false},"excerpt":{"rendered":"<p>Ayd\u0131n\u2019da tar\u0131m alanlar\u0131nda \u00f6zellikle incir ve zeytinlik alanlarda a\u00e7\u0131lan jeotermal kuyular\u0131 ve tesisleri, ge\u00e7imini tar\u0131mla sa\u011flayan Ayd\u0131nl\u0131lar\u0131 tedirgin ediyor. K\u00f6yl\u00fcleri jeotermalle ilgili bilgilendirmek isteyen baz\u0131 \u00e7evreci dernek ve kurulu\u015flar\u0131, Ayd\u0131n&hellip;<\/p>\n","protected":false},"author":1,"featured_media":4875,"comment_status":"open","ping_status":"open","sticky":false,"template":"","format":"standard","meta":{"footnotes":""},"categories":[2],"tags":[1087],"class_list":["post-4874","post","type-post","status-publish","format-standard","has-post-thumbnail","hentry","category-tarimgentr","tag-http-www-haber3-com-koyluler-jeotermale-karsi-tarim-alanlarinin-korunmasini-istedi-3186776h-htm"],"_links":{"self":[{"href":"https:\/\/tarimhaber.com\/index.php?rest_route=\/wp\/v2\/posts\/4874","targetHints":{"allow":["GET"]}}],"collection":[{"href":"https:\/\/tarimhaber.com\/index.php?rest_route=\/wp\/v2\/posts"}],"about":[{"href":"https:\/\/tarimhaber.com\/index.php?rest_route=\/wp\/v2\/types\/post"}],"author":[{"embeddable":true,"href":"https:\/\/tarimhaber.com\/index.php?rest_route=\/wp\/v2\/users\/1"}],"replies":[{"embeddable":true,"href":"https:\/\/tarimhaber.com\/index.php?rest_route=%2Fwp%2Fv2%2Fcomments&post=4874"}],"version-history":[{"count":0,"href":"https:\/\/tarimhaber.com\/index.php?rest_route=\/wp\/v2\/posts\/4874\/revisions"}],"wp:featuredmedia":[{"embeddable":true,"href":"https:\/\/tarimhaber.com\/index.php?rest_route=\/wp\/v2\/media\/4875"}],"wp:attachment":[{"href":"https:\/\/tarimhaber.com\/index.php?rest_route=%2Fwp%2Fv2%2Fmedia&parent=4874"}],"wp:term":[{"taxonomy":"category","embeddable":true,"href":"https:\/\/tarimhaber.com\/index.php?rest_route=%2Fwp%2Fv2%2Fcategories&post=4874"},{"taxonomy":"post_tag","embeddable":true,"href":"https:\/\/tarimhaber.com\/index.php?rest_route=%2Fwp%2Fv2%2Ftags&post=4874"}],"curies":[{"name":"wp","href":"https:\/\/api.w.org\/{rel}","templated":true}]}}