{"id":4876,"date":"2015-02-09T12:50:28","date_gmt":"2015-02-09T12:50:28","guid":{"rendered":"http:\/\/tarimhaber.com\/?p=4876"},"modified":"2015-02-09T12:50:28","modified_gmt":"2015-02-09T12:50:28","slug":"kullandirilan-tarim-kredi-miktarinda-artis-hedefleniyor","status":"publish","type":"post","link":"https:\/\/tarimhaber.com\/?p=4876","title":{"rendered":"Kulland\u0131r\u0131lan tar\u0131m kredi miktar\u0131nda art\u0131\u015f hedefleniyor"},"content":{"rendered":"<p>T\u00fcrkiye Tar\u0131m Kredi Kooperatifleri Genel M\u00fcd\u00fcr\u00fc \u0130rfan G\u00fcvendi, bu y\u0131l kulland\u0131r\u0131lan kredi miktar\u0131n\u0131 ge\u00e7en y\u0131la g\u00f6re y\u00fczde 9 art\u0131rarak 6 milyar 500 milyon lira olarak ger\u00e7ekle\u015ftirmeyi hedeflediklerini s\u00f6yledi. G\u00fcvendi, kurumun faaliyetlerine ili\u015fkin Ekonomi Muhabirleri Derne\u011fi Genel Merkezi\u2019nde ger\u00e7ekle\u015ftirilen sohbet toplant\u0131s\u0131nda, kredi faizinin b\u00fcy\u00fck k\u0131sm\u0131n\u0131n hazineden kar\u015f\u0131land\u0131\u011f\u0131 bir sistemle \u00e7ift\u00e7iye, faizsiz veya maksimum y\u00fczde 8 civar\u0131nda finansmanla kredi verdiklerini belirtti. G\u00fcvendi, \u00f6zel bir banka ile Tar\u0131m Kredi aras\u0131nda kredi maliyeti bak\u0131m\u0131ndan y\u00fczde 100\u2019e yak\u0131n fark oldu\u011funu ifade etti.<\/p>\n","protected":false},"excerpt":{"rendered":"<p>T\u00fcrkiye Tar\u0131m Kredi Kooperatifleri Genel M\u00fcd\u00fcr\u00fc \u0130rfan G\u00fcvendi, bu y\u0131l kulland\u0131r\u0131lan kredi miktar\u0131n\u0131 ge\u00e7en y\u0131la g\u00f6re y\u00fczde 9 art\u0131rarak 6 milyar 500 milyon lira olarak ger\u00e7ekle\u015ftirmeyi hedeflediklerini s\u00f6yledi. G\u00fcvendi, kurumun&hellip;<\/p>\n","protected":false},"author":1,"featured_media":4877,"comment_status":"open","ping_status":"open","sticky":false,"template":"","format":"standard","meta":{"footnotes":""},"categories":[2],"tags":[817],"class_list":["post-4876","post","type-post","status-publish","format-standard","has-post-thumbnail","hentry","category-tarimgentr","tag-http-www-dunya-com-kullandirilan-tarim-kredi-miktarinda-artis-hedefleniyor-252573h-htm"],"_links":{"self":[{"href":"https:\/\/tarimhaber.com\/index.php?rest_route=\/wp\/v2\/posts\/4876","targetHints":{"allow":["GET"]}}],"collection":[{"href":"https:\/\/tarimhaber.com\/index.php?rest_route=\/wp\/v2\/posts"}],"about":[{"href":"https:\/\/tarimhaber.com\/index.php?rest_route=\/wp\/v2\/types\/post"}],"author":[{"embeddable":true,"href":"https:\/\/tarimhaber.com\/index.php?rest_route=\/wp\/v2\/users\/1"}],"replies":[{"embeddable":true,"href":"https:\/\/tarimhaber.com\/index.php?rest_route=%2Fwp%2Fv2%2Fcomments&post=4876"}],"version-history":[{"count":0,"href":"https:\/\/tarimhaber.com\/index.php?rest_route=\/wp\/v2\/posts\/4876\/revisions"}],"wp:featuredmedia":[{"embeddable":true,"href":"https:\/\/tarimhaber.com\/index.php?rest_route=\/wp\/v2\/media\/4877"}],"wp:attachment":[{"href":"https:\/\/tarimhaber.com\/index.php?rest_route=%2Fwp%2Fv2%2Fmedia&parent=4876"}],"wp:term":[{"taxonomy":"category","embeddable":true,"href":"https:\/\/tarimhaber.com\/index.php?rest_route=%2Fwp%2Fv2%2Fcategories&post=4876"},{"taxonomy":"post_tag","embeddable":true,"href":"https:\/\/tarimhaber.com\/index.php?rest_route=%2Fwp%2Fv2%2Ftags&post=4876"}],"curies":[{"name":"wp","href":"https:\/\/api.w.org\/{rel}","templated":true}]}}