{"id":4879,"date":"2015-02-11T10:29:41","date_gmt":"2015-02-11T10:29:41","guid":{"rendered":"http:\/\/tarimhaber.com\/?p=4879"},"modified":"2015-02-11T10:29:41","modified_gmt":"2015-02-11T10:29:41","slug":"2015-yilinda-tarim-sigortalarinin-kapsami-genisliyor","status":"publish","type":"post","link":"https:\/\/tarimhaber.com\/?p=4879","title":{"rendered":"2015 Y\u0131l\u0131nda Tar\u0131m Sigortalar\u0131n\u0131n Kapsam\u0131 Geni\u015fliyor"},"content":{"rendered":"<p>Ayd\u0131n G\u0131da Tar\u0131m ve Hayvanc\u0131l\u0131k \u0130l M\u00fcd\u00fcr\u00fc Mustafa Bircan, 2015 y\u0131l\u0131nda tar\u0131m sigortalar\u0131 kapsam\u0131n\u0131n geni\u015fleyece\u011fini belirtti. \u0130l M\u00fcd\u00fcr\u00fc Mustafa Bircan, yapt\u0131\u011f\u0131 a\u00e7\u0131klamada; \u201cBakanlar Kurulu taraf\u0131ndan belirlenen Tar\u0131m Sigortalar\u0131 2015 y\u0131l\u0131 uygulamalar\u0131n\u0131n yer ald\u0131\u011f\u0131 Tar\u0131m Sigortalar\u0131 Havuzu taraf\u0131ndan kapsama al\u0131nacak riskler, \u00fcr\u00fcnler, b\u00f6lgeler ve prim deste\u011fi oranlar\u0131na ili\u015fkin 2014\/7093 say\u0131l\u0131 Bakanlar Kurulu Karar\u0131 31 Aral\u0131k 2014 tarih ve 29222 say\u0131l\u0131 Resmi Gazetede yay\u0131mlanarak y\u00fcr\u00fcrl\u00fc\u011fe girmi\u015ftir.Bu karar ile ilgili genel \u015fartlar, tarife ve talimatlar kapsam\u0131nda Bakanl\u0131\u011f\u0131m\u0131z\u0131n kay\u0131t sistemlerine kay\u0131tl\u0131 \u00e7ift\u00e7ilerin, mevcut arazi, sera, \u00fcr\u00fcn, tesis ve i\u015fletmeleri ve yeti\u015ftiricilik bilgileri dikkate al\u0131narak Tar\u0131m Sigortalar\u0131 Havuzu taraf\u0131ndan teminat alt\u0131na al\u0131nm\u0131\u015ft\u0131r. 2015 y\u0131l\u0131nda 2014 y\u0131l\u0131 uygulamalar\u0131na ilave olarak; Meyve bah\u00e7eleri ile Ba\u011flarda dolu a\u011f\u0131 ve \u00f6rt\u00fc sistemleri i\u00e7in iste\u011fe ba\u011fl\u0131 olmak \u00fczere dolu paketindeki riskler ve dolu a\u011f\u0131rl\u0131\u011f\u0131 riski, Ya\u011f g\u00fcl\u00fc i\u00e7in dolu paketindeki riskler, Hububat \u00fcr\u00fcnlerinde sap k\u0131sm\u0131, Ar\u0131c\u0131l\u0131kta vah\u015fi hayvan sald\u0131r\u0131s\u0131 riski, Su \u00fcr\u00fcnlerinde kafes ve a\u011flar i\u00e7in kazalar, Predat\u00f6r sald\u0131r\u0131s\u0131, f\u0131rt\u0131na , hortum ve deprem riskleri ilk defa teminat kapsam\u0131na al\u0131nm\u0131\u015ft\u0131r\u201d dedi.<\/p>\n","protected":false},"excerpt":{"rendered":"<p>Ayd\u0131n G\u0131da Tar\u0131m ve Hayvanc\u0131l\u0131k \u0130l M\u00fcd\u00fcr\u00fc Mustafa Bircan, 2015 y\u0131l\u0131nda tar\u0131m sigortalar\u0131 kapsam\u0131n\u0131n geni\u015fleyece\u011fini belirtti. \u0130l M\u00fcd\u00fcr\u00fc Mustafa Bircan, yapt\u0131\u011f\u0131 a\u00e7\u0131klamada; \u201cBakanlar Kurulu taraf\u0131ndan belirlenen Tar\u0131m Sigortalar\u0131 2015 y\u0131l\u0131&hellip;<\/p>\n","protected":false},"author":1,"featured_media":4880,"comment_status":"open","ping_status":"open","sticky":false,"template":"","format":"standard","meta":{"footnotes":""},"categories":[2],"tags":[1063],"class_list":["post-4879","post","type-post","status-publish","format-standard","has-post-thumbnail","hentry","category-tarimgentr","tag-http-www-haber3-com-2015-yilinda-tarim-sigortalarinin-kapsami-genisliyor-3192318h-htm"],"_links":{"self":[{"href":"https:\/\/tarimhaber.com\/index.php?rest_route=\/wp\/v2\/posts\/4879","targetHints":{"allow":["GET"]}}],"collection":[{"href":"https:\/\/tarimhaber.com\/index.php?rest_route=\/wp\/v2\/posts"}],"about":[{"href":"https:\/\/tarimhaber.com\/index.php?rest_route=\/wp\/v2\/types\/post"}],"author":[{"embeddable":true,"href":"https:\/\/tarimhaber.com\/index.php?rest_route=\/wp\/v2\/users\/1"}],"replies":[{"embeddable":true,"href":"https:\/\/tarimhaber.com\/index.php?rest_route=%2Fwp%2Fv2%2Fcomments&post=4879"}],"version-history":[{"count":0,"href":"https:\/\/tarimhaber.com\/index.php?rest_route=\/wp\/v2\/posts\/4879\/revisions"}],"wp:featuredmedia":[{"embeddable":true,"href":"https:\/\/tarimhaber.com\/index.php?rest_route=\/wp\/v2\/media\/4880"}],"wp:attachment":[{"href":"https:\/\/tarimhaber.com\/index.php?rest_route=%2Fwp%2Fv2%2Fmedia&parent=4879"}],"wp:term":[{"taxonomy":"category","embeddable":true,"href":"https:\/\/tarimhaber.com\/index.php?rest_route=%2Fwp%2Fv2%2Fcategories&post=4879"},{"taxonomy":"post_tag","embeddable":true,"href":"https:\/\/tarimhaber.com\/index.php?rest_route=%2Fwp%2Fv2%2Ftags&post=4879"}],"curies":[{"name":"wp","href":"https:\/\/api.w.org\/{rel}","templated":true}]}}