{"id":4883,"date":"2015-02-13T23:56:19","date_gmt":"2015-02-13T23:56:19","guid":{"rendered":"http:\/\/tarimhaber.com\/?p=4883"},"modified":"2015-02-13T23:56:19","modified_gmt":"2015-02-13T23:56:19","slug":"teb-ikinci-kez-avrupa-ve-turkiyenin-en-iyi-isvereni-secildi","status":"publish","type":"post","link":"https:\/\/tarimhaber.com\/?p=4883","title":{"rendered":"TEB, ikinci kez Avrupa ve T\u00fcrkiye\u2019nin &#8220;En \u0130yi \u0130\u015fvereni&#8221; se\u00e7ildi"},"content":{"rendered":"<p>&#8220;\u00c7al\u0131\u015fana De\u011fer&#8221; ilkesi ile hareket eden TEB, Top Employers Institute\u2019nun 667 \u015firkette yapt\u0131\u011f\u0131 de\u011ferlendirme sonucunda ikinci kez Avrupa ve T\u00fcrkiye\u2019nin \u2019En \u0130yi \u0130\u015fvereni&#8221; olarak g\u00f6sterildi. TEB; de\u011ferlendirmede ilk 5 kurum aras\u0131na girme ba\u015far\u0131s\u0131n\u0131 da g\u00f6sterdi<\/p>\n","protected":false},"excerpt":{"rendered":"<p>&#8220;\u00c7al\u0131\u015fana De\u011fer&#8221; ilkesi ile hareket eden TEB, Top Employers Institute\u2019nun 667 \u015firkette yapt\u0131\u011f\u0131 de\u011ferlendirme sonucunda ikinci kez Avrupa ve T\u00fcrkiye\u2019nin \u2019En \u0130yi \u0130\u015fvereni&#8221; olarak g\u00f6sterildi. TEB; de\u011ferlendirmede ilk 5 kurum&hellip;<\/p>\n","protected":false},"author":1,"featured_media":4884,"comment_status":"open","ping_status":"open","sticky":false,"template":"","format":"standard","meta":{"footnotes":""},"categories":[2],"tags":[3048],"class_list":["post-4883","post","type-post","status-publish","format-standard","has-post-thumbnail","hentry","category-tarimgentr","tag-http-www-sabah-com-tr-ekonomi-2015-02-14-teb-ikinci-kez-avrupa-ve-turkiyenin-en-iyi-isvereni-secildi"],"_links":{"self":[{"href":"https:\/\/tarimhaber.com\/index.php?rest_route=\/wp\/v2\/posts\/4883","targetHints":{"allow":["GET"]}}],"collection":[{"href":"https:\/\/tarimhaber.com\/index.php?rest_route=\/wp\/v2\/posts"}],"about":[{"href":"https:\/\/tarimhaber.com\/index.php?rest_route=\/wp\/v2\/types\/post"}],"author":[{"embeddable":true,"href":"https:\/\/tarimhaber.com\/index.php?rest_route=\/wp\/v2\/users\/1"}],"replies":[{"embeddable":true,"href":"https:\/\/tarimhaber.com\/index.php?rest_route=%2Fwp%2Fv2%2Fcomments&post=4883"}],"version-history":[{"count":0,"href":"https:\/\/tarimhaber.com\/index.php?rest_route=\/wp\/v2\/posts\/4883\/revisions"}],"wp:featuredmedia":[{"embeddable":true,"href":"https:\/\/tarimhaber.com\/index.php?rest_route=\/wp\/v2\/media\/4884"}],"wp:attachment":[{"href":"https:\/\/tarimhaber.com\/index.php?rest_route=%2Fwp%2Fv2%2Fmedia&parent=4883"}],"wp:term":[{"taxonomy":"category","embeddable":true,"href":"https:\/\/tarimhaber.com\/index.php?rest_route=%2Fwp%2Fv2%2Fcategories&post=4883"},{"taxonomy":"post_tag","embeddable":true,"href":"https:\/\/tarimhaber.com\/index.php?rest_route=%2Fwp%2Fv2%2Ftags&post=4883"}],"curies":[{"name":"wp","href":"https:\/\/api.w.org\/{rel}","templated":true}]}}