{"id":5210,"date":"2016-01-20T15:19:11","date_gmt":"2016-01-20T12:19:11","guid":{"rendered":"http:\/\/tarimhaber.com\/?p=5210"},"modified":"2016-01-20T15:19:11","modified_gmt":"2016-01-20T12:19:11","slug":"soguk-hava-bitki-ve-meyve-cayi-satislarini-arttirdi","status":"publish","type":"post","link":"https:\/\/tarimhaber.com\/?p=5210","title":{"rendered":"So\u011fuk hava bitki ve meyve \u00e7ay\u0131 sat\u0131\u015flar\u0131n\u0131 artt\u0131rd\u0131"},"content":{"rendered":"<p>Mutfak Mahsulleri ve Margarin Sanayicileri Derne\u011fi (M\u00dcMSAD) Ba\u015fkan\u0131 Yaz\u0131 Yurdag\u00fcl, k\u0131\u015f \u00e7a\u011f\u0131nda nebat ve meyve \u00e7ay\u0131 pazar\u0131n\u0131 de\u011ferlendirdi.Yurdag\u00fcl, ilgisiz k\u0131\u015f g\u00fcnlerinin tesiri ve s\u0131hhatli hayat \u015fuurunun yayg\u0131nla\u015fmas\u0131yla nebat ve meyve \u00e7ay\u0131 t\u00fcketiminin artt\u0131\u011f\u0131n\u0131 bilgisini verdi . 2010 senesinde 560 milyon po\u015fetlik bir b\u00fcy\u00fckl\u00fc\u011fe sahip olan sekt\u00f6r\u00fcn , 2015 senesinde 900 milyon po\u015fet b\u00fcy\u00fckl\u00fc\u011f\u00fcne geldi\u011fini vurgulayan Yurdag\u00fcl, 2016 senesinde hedefin 930 milyon po\u015fet oldu\u011funu ifade etti .<\/p>\n","protected":false},"excerpt":{"rendered":"<p>Mutfak Mahsulleri ve Margarin Sanayicileri Derne\u011fi (M\u00dcMSAD) Ba\u015fkan\u0131 Yaz\u0131 Yurdag\u00fcl, k\u0131\u015f \u00e7a\u011f\u0131nda nebat ve meyve \u00e7ay\u0131 pazar\u0131n\u0131 de\u011ferlendirdi.Yurdag\u00fcl, ilgisiz k\u0131\u015f g\u00fcnlerinin tesiri ve s\u0131hhatli hayat \u015fuurunun yayg\u0131nla\u015fmas\u0131yla nebat ve meyve&hellip;<\/p>\n","protected":false},"author":1,"featured_media":5211,"comment_status":"open","ping_status":"open","sticky":false,"template":"","format":"standard","meta":{"footnotes":""},"categories":[2],"tags":[2193],"class_list":["post-5210","post","type-post","status-publish","format-standard","has-post-thumbnail","hentry","category-tarimgentr","tag-http-www-haberport-com-ekonomi-soguk-hava-bitki-ve-meyve-cayi-satislarini-arttirdi-h93352-html"],"_links":{"self":[{"href":"https:\/\/tarimhaber.com\/index.php?rest_route=\/wp\/v2\/posts\/5210","targetHints":{"allow":["GET"]}}],"collection":[{"href":"https:\/\/tarimhaber.com\/index.php?rest_route=\/wp\/v2\/posts"}],"about":[{"href":"https:\/\/tarimhaber.com\/index.php?rest_route=\/wp\/v2\/types\/post"}],"author":[{"embeddable":true,"href":"https:\/\/tarimhaber.com\/index.php?rest_route=\/wp\/v2\/users\/1"}],"replies":[{"embeddable":true,"href":"https:\/\/tarimhaber.com\/index.php?rest_route=%2Fwp%2Fv2%2Fcomments&post=5210"}],"version-history":[{"count":0,"href":"https:\/\/tarimhaber.com\/index.php?rest_route=\/wp\/v2\/posts\/5210\/revisions"}],"wp:featuredmedia":[{"embeddable":true,"href":"https:\/\/tarimhaber.com\/index.php?rest_route=\/"}],"wp:attachment":[{"href":"https:\/\/tarimhaber.com\/index.php?rest_route=%2Fwp%2Fv2%2Fmedia&parent=5210"}],"wp:term":[{"taxonomy":"category","embeddable":true,"href":"https:\/\/tarimhaber.com\/index.php?rest_route=%2Fwp%2Fv2%2Fcategories&post=5210"},{"taxonomy":"post_tag","embeddable":true,"href":"https:\/\/tarimhaber.com\/index.php?rest_route=%2Fwp%2Fv2%2Ftags&post=5210"}],"curies":[{"name":"wp","href":"https:\/\/api.w.org\/{rel}","templated":true}]}}