{"id":5214,"date":"2016-01-22T13:50:57","date_gmt":"2016-01-22T10:50:57","guid":{"rendered":"http:\/\/tarimhaber.com\/?p=5214"},"modified":"2016-01-22T13:50:57","modified_gmt":"2016-01-22T10:50:57","slug":"ahlat-agro-endustri-merkezi-ve-ikinci-baskentimiz-olmali","status":"publish","type":"post","link":"https:\/\/tarimhaber.com\/?p=5214","title":{"rendered":"AHLAT, AGRO END\u00dcSTR\u0130 MERKEZ\u0130 VE \u0130K\u0130NC\u0130 BA\u015eKENT\u0130M\u0130Z OLMALI"},"content":{"rendered":"<p>Bakanl\u0131\u011f\u0131m\u0131z eski m\u00fcste\u015far yard\u0131mc\u0131s\u0131 Dr. L\u00fctf\u00fc \u015eehsuvaro\u011flu, \u015e\u0131rnak ve Hakkari il merkezlerinin de\u011fi\u015ftirilmesi tart\u0131\u015f\u0131l\u0131rken, Anadolu\u2019ya geldi\u011fimizde ilk konu\u015fland\u0131\u011f\u0131m\u0131z yer Ahlat ile ilgili olarak; &#8220;\u00dc\u00e7 b\u00fcy\u00fck b\u00f6lgesel kalk\u0131nma planlar\u0131n\u0131n koordinasyon merkezi\u201d olarak Ahlat\u2019\u0131 tayin edebiliriz. Ahlat\u2019\u0131 GAP\u2019\u0131n, DAP\u2019\u0131n ve Orta Anadolu Kalk\u0131nma planlar\u0131n\u0131n koordinasyon merkezi yapabiliriz. &#8221; dedi.<\/p>\n","protected":false},"excerpt":{"rendered":"<p>Bakanl\u0131\u011f\u0131m\u0131z eski m\u00fcste\u015far yard\u0131mc\u0131s\u0131 Dr. L\u00fctf\u00fc \u015eehsuvaro\u011flu, \u015e\u0131rnak ve Hakkari il merkezlerinin de\u011fi\u015ftirilmesi tart\u0131\u015f\u0131l\u0131rken, Anadolu\u2019ya geldi\u011fimizde ilk konu\u015fland\u0131\u011f\u0131m\u0131z yer Ahlat ile ilgili olarak; &#8220;\u00dc\u00e7 b\u00fcy\u00fck b\u00f6lgesel kalk\u0131nma planlar\u0131n\u0131n koordinasyon merkezi\u201d&hellip;<\/p>\n","protected":false},"author":1,"featured_media":0,"comment_status":"open","ping_status":"open","sticky":false,"template":"","format":"standard","meta":{"footnotes":""},"categories":[2],"tags":[363],"class_list":["post-5214","post","type-post","status-publish","format-standard","hentry","category-tarimgentr","tag-http-m-gazetevahdet-com-ahlat-agro-endustri-merkezi-ve-ikinci-baskentimiz-olmali-4604yy-htm"],"_links":{"self":[{"href":"https:\/\/tarimhaber.com\/index.php?rest_route=\/wp\/v2\/posts\/5214","targetHints":{"allow":["GET"]}}],"collection":[{"href":"https:\/\/tarimhaber.com\/index.php?rest_route=\/wp\/v2\/posts"}],"about":[{"href":"https:\/\/tarimhaber.com\/index.php?rest_route=\/wp\/v2\/types\/post"}],"author":[{"embeddable":true,"href":"https:\/\/tarimhaber.com\/index.php?rest_route=\/wp\/v2\/users\/1"}],"replies":[{"embeddable":true,"href":"https:\/\/tarimhaber.com\/index.php?rest_route=%2Fwp%2Fv2%2Fcomments&post=5214"}],"version-history":[{"count":0,"href":"https:\/\/tarimhaber.com\/index.php?rest_route=\/wp\/v2\/posts\/5214\/revisions"}],"wp:attachment":[{"href":"https:\/\/tarimhaber.com\/index.php?rest_route=%2Fwp%2Fv2%2Fmedia&parent=5214"}],"wp:term":[{"taxonomy":"category","embeddable":true,"href":"https:\/\/tarimhaber.com\/index.php?rest_route=%2Fwp%2Fv2%2Fcategories&post=5214"},{"taxonomy":"post_tag","embeddable":true,"href":"https:\/\/tarimhaber.com\/index.php?rest_route=%2Fwp%2Fv2%2Ftags&post=5214"}],"curies":[{"name":"wp","href":"https:\/\/api.w.org\/{rel}","templated":true}]}}