{"id":5216,"date":"2016-01-27T13:23:08","date_gmt":"2016-01-27T10:23:08","guid":{"rendered":"http:\/\/tarimhaber.com\/?p=5216"},"modified":"2016-01-27T13:23:08","modified_gmt":"2016-01-27T10:23:08","slug":"gunay-kaya-tar-gelde-sona-geldik-sira-bakan-onayinda","status":"publish","type":"post","link":"https:\/\/tarimhaber.com\/?p=5216","title":{"rendered":"G\u00fcnay KAYA: TAR-GEL\u2019de Sona Geldik S\u0131ra Bakan Onay\u0131nda."},"content":{"rendered":"<p>TAR-GEL projesinde sona gelindi. TO\u00c7B\u0130RSEN Genel Ba\u015fkan\u0131 G\u00fcnay KAYA yapt\u0131\u011f\u0131 a\u00e7\u0131klamada &#8220;Yetkili sendika olarak GTHB teknik heyeti ile sendikam\u0131z teknik heyetinin birlikte yapm\u0131\u015f olduklar\u0131 toplant\u0131 sonucunda tam mutabakata var\u0131larak, TAR GEL meselesinin tamamen bitirilmesi karar alt\u0131na al\u0131nm\u0131\u015f olup, heyetler aras\u0131 g\u00f6r\u00fc\u015fmelerde al\u0131nm\u0131\u015f olan bu kararlar onay i\u00e7in say\u0131n Bakan\u0131m\u0131z Faruk \u00c7EL\u0130K\u2019e arz edilmi\u015ftir.&#8221; dedi.<\/p>\n","protected":false},"excerpt":{"rendered":"<p>TAR-GEL projesinde sona gelindi. TO\u00c7B\u0130RSEN Genel Ba\u015fkan\u0131 G\u00fcnay KAYA yapt\u0131\u011f\u0131 a\u00e7\u0131klamada &#8220;Yetkili sendika olarak GTHB teknik heyeti ile sendikam\u0131z teknik heyetinin birlikte yapm\u0131\u015f olduklar\u0131 toplant\u0131 sonucunda tam mutabakata var\u0131larak, TAR&hellip;<\/p>\n","protected":false},"author":1,"featured_media":5217,"comment_status":"open","ping_status":"open","sticky":false,"template":"","format":"standard","meta":{"footnotes":""},"categories":[2],"tags":[1019],"class_list":["post-5216","post","type-post","status-publish","format-standard","has-post-thumbnail","hentry","category-tarimgentr","tag-http-www-gthbhaber-com-gunay-kaya-tar-gelde-sona-geldik-sira-bakan-onayinda"],"_links":{"self":[{"href":"https:\/\/tarimhaber.com\/index.php?rest_route=\/wp\/v2\/posts\/5216","targetHints":{"allow":["GET"]}}],"collection":[{"href":"https:\/\/tarimhaber.com\/index.php?rest_route=\/wp\/v2\/posts"}],"about":[{"href":"https:\/\/tarimhaber.com\/index.php?rest_route=\/wp\/v2\/types\/post"}],"author":[{"embeddable":true,"href":"https:\/\/tarimhaber.com\/index.php?rest_route=\/wp\/v2\/users\/1"}],"replies":[{"embeddable":true,"href":"https:\/\/tarimhaber.com\/index.php?rest_route=%2Fwp%2Fv2%2Fcomments&post=5216"}],"version-history":[{"count":0,"href":"https:\/\/tarimhaber.com\/index.php?rest_route=\/wp\/v2\/posts\/5216\/revisions"}],"wp:featuredmedia":[{"embeddable":true,"href":"https:\/\/tarimhaber.com\/index.php?rest_route=\/"}],"wp:attachment":[{"href":"https:\/\/tarimhaber.com\/index.php?rest_route=%2Fwp%2Fv2%2Fmedia&parent=5216"}],"wp:term":[{"taxonomy":"category","embeddable":true,"href":"https:\/\/tarimhaber.com\/index.php?rest_route=%2Fwp%2Fv2%2Fcategories&post=5216"},{"taxonomy":"post_tag","embeddable":true,"href":"https:\/\/tarimhaber.com\/index.php?rest_route=%2Fwp%2Fv2%2Ftags&post=5216"}],"curies":[{"name":"wp","href":"https:\/\/api.w.org\/{rel}","templated":true}]}}