{"id":5220,"date":"2016-01-27T13:46:00","date_gmt":"2016-01-27T10:46:00","guid":{"rendered":"http:\/\/tarimhaber.com\/?p=5220"},"modified":"2016-01-27T13:46:00","modified_gmt":"2016-01-27T10:46:00","slug":"bayburtta-yapilacak-tarim-ve-hayvancilik-yerleskesi","status":"publish","type":"post","link":"https:\/\/tarimhaber.com\/?p=5220","title":{"rendered":"Bayburt\u2019ta yap\u0131lacak Tar\u0131m ve Hayvanc\u0131l\u0131k Yerle\u015fkesi"},"content":{"rendered":"<p>Bayburt Ziraat Odas\u0131 Ba\u015fkan\u0131 Abuzer Y\u0131ld\u0131r\u0131mtepe, kentte yap\u0131m\u0131 planlanan ve bu alanda T\u00fcrkiye\u2019de ilk olacak Tar\u0131m ve Hayvanc\u0131l\u0131k Yerle\u015fkesi\u2019nin yerinin \u00e7ok iyi se\u00e7ilmesi, yanl\u0131\u015f yap\u0131lmamas\u0131 gerekti\u011fini s\u00f6yledi. Y\u0131ld\u0131r\u0131mtepe, makam\u0131nda gazetecilere yapt\u0131\u011f\u0131 a\u00e7\u0131klamada, Bayburt n\u00fcfusunun T\u00dc\u0130K verilerine g\u00f6re y\u00fczde 74,5\u2019inin tar\u0131m ve hayvanc\u0131l\u0131kla u\u011fra\u015ft\u0131\u011f\u0131n\u0131, n\u00fcfusunun bu oranda tar\u0131m ve hayvanc\u0131l\u0131kla ilgilenen bir kentinde tam anlam\u0131yla tar\u0131m ve hayvanc\u0131l\u0131k &#8230;<\/p>\n","protected":false},"excerpt":{"rendered":"<p>Bayburt Ziraat Odas\u0131 Ba\u015fkan\u0131 Abuzer Y\u0131ld\u0131r\u0131mtepe, kentte yap\u0131m\u0131 planlanan ve bu alanda T\u00fcrkiye\u2019de ilk olacak Tar\u0131m ve Hayvanc\u0131l\u0131k Yerle\u015fkesi\u2019nin yerinin \u00e7ok iyi se\u00e7ilmesi, yanl\u0131\u015f yap\u0131lmamas\u0131 gerekti\u011fini s\u00f6yledi. Y\u0131ld\u0131r\u0131mtepe, makam\u0131nda gazetecilere&hellip;<\/p>\n","protected":false},"author":1,"featured_media":5221,"comment_status":"open","ping_status":"open","sticky":false,"template":"","format":"standard","meta":{"footnotes":""},"categories":[2],"tags":[1125],"class_list":["post-5220","post","type-post","status-publish","format-standard","has-post-thumbnail","hentry","category-tarimgentr","tag-http-www-haber7-com-bayburt-1768385-bayburtta-yapilacak-tarim-ve-hayvancilik-yerleskesi"],"_links":{"self":[{"href":"https:\/\/tarimhaber.com\/index.php?rest_route=\/wp\/v2\/posts\/5220","targetHints":{"allow":["GET"]}}],"collection":[{"href":"https:\/\/tarimhaber.com\/index.php?rest_route=\/wp\/v2\/posts"}],"about":[{"href":"https:\/\/tarimhaber.com\/index.php?rest_route=\/wp\/v2\/types\/post"}],"author":[{"embeddable":true,"href":"https:\/\/tarimhaber.com\/index.php?rest_route=\/wp\/v2\/users\/1"}],"replies":[{"embeddable":true,"href":"https:\/\/tarimhaber.com\/index.php?rest_route=%2Fwp%2Fv2%2Fcomments&post=5220"}],"version-history":[{"count":0,"href":"https:\/\/tarimhaber.com\/index.php?rest_route=\/wp\/v2\/posts\/5220\/revisions"}],"wp:featuredmedia":[{"embeddable":true,"href":"https:\/\/tarimhaber.com\/index.php?rest_route=\/wp\/v2\/media\/5221"}],"wp:attachment":[{"href":"https:\/\/tarimhaber.com\/index.php?rest_route=%2Fwp%2Fv2%2Fmedia&parent=5220"}],"wp:term":[{"taxonomy":"category","embeddable":true,"href":"https:\/\/tarimhaber.com\/index.php?rest_route=%2Fwp%2Fv2%2Fcategories&post=5220"},{"taxonomy":"post_tag","embeddable":true,"href":"https:\/\/tarimhaber.com\/index.php?rest_route=%2Fwp%2Fv2%2Ftags&post=5220"}],"curies":[{"name":"wp","href":"https:\/\/api.w.org\/{rel}","templated":true}]}}