{"id":5224,"date":"2016-01-28T11:30:40","date_gmt":"2016-01-28T08:30:40","guid":{"rendered":"http:\/\/tarimhaber.com\/?p=5224"},"modified":"2016-01-28T11:30:40","modified_gmt":"2016-01-28T08:30:40","slug":"yas-meyve-sebze-ihracatinda-yeni-adres-orta-asya-ve-uzakdogu","status":"publish","type":"post","link":"https:\/\/tarimhaber.com\/?p=5224","title":{"rendered":"Ya\u015f meyve sebze ihracat\u0131nda yeni adres: Orta Asya ve Uzakdo\u011fu"},"content":{"rendered":"<p>Uluda\u011f Ya\u015f Meyve Sebze \u0130hracat\u00e7\u0131lar\u0131 Birli\u011fi (UYMS\u0130B) Y\u00f6netim Kurulu Ba\u015fkan\u0131 Senih Yazgan, bu y\u0131l ki ihracat hedeflerinin bir \u00f6nceki y\u0131la g\u00f6re y\u00fczde 15\u2019lik art\u0131\u015fla 120 milyon dolar oldu\u011funu s\u00f6yledi. 2015 ihracatlar\u0131n\u0131n Avrupa Birli\u011fi (AB) \u00fclkelerine y\u00fczde -1,86, Orta Do\u011fu \u00fclkelerine y\u00fczde -2,67, Eski Do\u011fu Bloku \u00fclkelerine y\u00fczde -50,63, Afrika \u00fclkelerine y\u00fczde -3,55, di\u011fer Avrupa \u00fclkelerine y\u00fczde -17,22, T\u00fcrk cumhuriyetlerine y\u00fczde -34,50 oran\u0131nda d\u00fc\u015f\u00fc\u015f g\u00f6sterdi\u011fini belirten Yazgan, \u201cKas\u0131m ay\u0131nda ba\u015flayan Rusya krizi ya\u015f meyve sebze ihracat\u0131n\u0131 olumsuz etkiledi.&#8221; dedi.<\/p>\n","protected":false},"excerpt":{"rendered":"<p>Uluda\u011f Ya\u015f Meyve Sebze \u0130hracat\u00e7\u0131lar\u0131 Birli\u011fi (UYMS\u0130B) Y\u00f6netim Kurulu Ba\u015fkan\u0131 Senih Yazgan, bu y\u0131l ki ihracat hedeflerinin bir \u00f6nceki y\u0131la g\u00f6re y\u00fczde 15\u2019lik art\u0131\u015fla 120 milyon dolar oldu\u011funu s\u00f6yledi. 2015&hellip;<\/p>\n","protected":false},"author":1,"featured_media":5225,"comment_status":"open","ping_status":"open","sticky":false,"template":"","format":"standard","meta":{"footnotes":""},"categories":[2],"tags":[808],"class_list":["post-5224","post","type-post","status-publish","format-standard","has-post-thumbnail","hentry","category-tarimgentr","tag-http-www-dunya-com-ekonomi-ekonomi-diger-yas-meyve-sebze-ihracatinda-yeni-adres-orta-asya-ve-uzakdogu-288708h-htm"],"_links":{"self":[{"href":"https:\/\/tarimhaber.com\/index.php?rest_route=\/wp\/v2\/posts\/5224","targetHints":{"allow":["GET"]}}],"collection":[{"href":"https:\/\/tarimhaber.com\/index.php?rest_route=\/wp\/v2\/posts"}],"about":[{"href":"https:\/\/tarimhaber.com\/index.php?rest_route=\/wp\/v2\/types\/post"}],"author":[{"embeddable":true,"href":"https:\/\/tarimhaber.com\/index.php?rest_route=\/wp\/v2\/users\/1"}],"replies":[{"embeddable":true,"href":"https:\/\/tarimhaber.com\/index.php?rest_route=%2Fwp%2Fv2%2Fcomments&post=5224"}],"version-history":[{"count":0,"href":"https:\/\/tarimhaber.com\/index.php?rest_route=\/wp\/v2\/posts\/5224\/revisions"}],"wp:featuredmedia":[{"embeddable":true,"href":"https:\/\/tarimhaber.com\/index.php?rest_route=\/wp\/v2\/media\/5225"}],"wp:attachment":[{"href":"https:\/\/tarimhaber.com\/index.php?rest_route=%2Fwp%2Fv2%2Fmedia&parent=5224"}],"wp:term":[{"taxonomy":"category","embeddable":true,"href":"https:\/\/tarimhaber.com\/index.php?rest_route=%2Fwp%2Fv2%2Fcategories&post=5224"},{"taxonomy":"post_tag","embeddable":true,"href":"https:\/\/tarimhaber.com\/index.php?rest_route=%2Fwp%2Fv2%2Ftags&post=5224"}],"curies":[{"name":"wp","href":"https:\/\/api.w.org\/{rel}","templated":true}]}}