{"id":5226,"date":"2016-02-02T12:44:45","date_gmt":"2016-02-02T09:44:45","guid":{"rendered":"http:\/\/tarimhaber.com\/?p=5226"},"modified":"2016-02-02T12:44:45","modified_gmt":"2016-02-02T09:44:45","slug":"tar-gel-bitti","status":"publish","type":"post","link":"https:\/\/tarimhaber.com\/?p=5226","title":{"rendered":"TAR-GEL Bitti.."},"content":{"rendered":"<p>Tar\u0131msal Yay\u0131m\u0131 Geli\u015ftirme Projesi (TAR-GEL) \u00e7al\u0131\u015fanlar\u0131n\u0131n mesleki ve \u00f6zl\u00fck haklar\u0131 G\u0131da, Tar\u0131m ve Hayvanc\u0131l\u0131k Bakanl\u0131\u011f\u0131 personelleri ile e\u015fitlendi. 2007\u2019den beri istihdam edilen TAR-GEL \u00e7al\u0131\u015fanlar\u0131n\u0131n mesleki ve \u00f6zl\u00fck haklar\u0131n\u0131n di\u011fer personel ile e\u015fitlenmesine ili\u015fkin imza t\u00f6reni, Bakanl\u0131k\u2019ta ger\u00e7ekle\u015ftirildi. Bakan Faruk \u00c7elik, TAR-GEL personelinin g\u00f6rev yerlerinin t\u00fcm\u00fcyle sahada olacak \u015fekilde dizayn edilece\u011fini bildirdi. \u00c7elik, \u201c\u00dcretime, verime \u00e7ok ciddi katk\u0131 sunaca\u011f\u0131 inanc\u0131 i\u00e7erisindeyim\u201d dedi.<\/p>\n","protected":false},"excerpt":{"rendered":"<p>Tar\u0131msal Yay\u0131m\u0131 Geli\u015ftirme Projesi (TAR-GEL) \u00e7al\u0131\u015fanlar\u0131n\u0131n mesleki ve \u00f6zl\u00fck haklar\u0131 G\u0131da, Tar\u0131m ve Hayvanc\u0131l\u0131k Bakanl\u0131\u011f\u0131 personelleri ile e\u015fitlendi. 2007\u2019den beri istihdam edilen TAR-GEL \u00e7al\u0131\u015fanlar\u0131n\u0131n mesleki ve \u00f6zl\u00fck haklar\u0131n\u0131n di\u011fer personel&hellip;<\/p>\n","protected":false},"author":1,"featured_media":5227,"comment_status":"open","ping_status":"open","sticky":false,"template":"","format":"standard","meta":{"footnotes":""},"categories":[2],"tags":[999],"class_list":["post-5226","post","type-post","status-publish","format-standard","has-post-thumbnail","hentry","category-tarimgentr","tag-http-www-gidahatti-com-haber-tarim-tar-gel-personeli-ozluk-haklarina-kavustu"],"_links":{"self":[{"href":"https:\/\/tarimhaber.com\/index.php?rest_route=\/wp\/v2\/posts\/5226","targetHints":{"allow":["GET"]}}],"collection":[{"href":"https:\/\/tarimhaber.com\/index.php?rest_route=\/wp\/v2\/posts"}],"about":[{"href":"https:\/\/tarimhaber.com\/index.php?rest_route=\/wp\/v2\/types\/post"}],"author":[{"embeddable":true,"href":"https:\/\/tarimhaber.com\/index.php?rest_route=\/wp\/v2\/users\/1"}],"replies":[{"embeddable":true,"href":"https:\/\/tarimhaber.com\/index.php?rest_route=%2Fwp%2Fv2%2Fcomments&post=5226"}],"version-history":[{"count":0,"href":"https:\/\/tarimhaber.com\/index.php?rest_route=\/wp\/v2\/posts\/5226\/revisions"}],"wp:featuredmedia":[{"embeddable":true,"href":"https:\/\/tarimhaber.com\/index.php?rest_route=\/wp\/v2\/media\/5227"}],"wp:attachment":[{"href":"https:\/\/tarimhaber.com\/index.php?rest_route=%2Fwp%2Fv2%2Fmedia&parent=5226"}],"wp:term":[{"taxonomy":"category","embeddable":true,"href":"https:\/\/tarimhaber.com\/index.php?rest_route=%2Fwp%2Fv2%2Fcategories&post=5226"},{"taxonomy":"post_tag","embeddable":true,"href":"https:\/\/tarimhaber.com\/index.php?rest_route=%2Fwp%2Fv2%2Ftags&post=5226"}],"curies":[{"name":"wp","href":"https:\/\/api.w.org\/{rel}","templated":true}]}}