{"id":5234,"date":"2016-02-08T08:40:44","date_gmt":"2016-02-08T05:40:44","guid":{"rendered":"http:\/\/tarimhaber.com\/?p=5234"},"modified":"2016-02-08T08:40:44","modified_gmt":"2016-02-08T05:40:44","slug":"tarim-biterse-hayat-biter","status":"publish","type":"post","link":"https:\/\/tarimhaber.com\/?p=5234","title":{"rendered":"Tar\u0131m biterse hayat biter"},"content":{"rendered":"<p>Reis G\u0131da Ba\u015fkan\u0131 Mehmet Reis, \u2019Gen\u00e7leri tar\u0131ma y\u00f6nlendirmezsek tar\u0131m biter, tar\u0131m biterse hayat biter\u2019 dedi. Gen\u00e7lerin tar\u0131m ekonomisine ge\u00e7mesi i\u00e7in te\u015fvik edilmesi gerekti\u011fini belirten Reis G\u0131da Ba\u015fkan\u0131 Mehmet Reis, \u201cTar\u0131mda ya\u015fl\u0131 bir n\u00fcfus \u00e7al\u0131\u015f\u0131yor, gen\u00e7ler ise \u015fehirlerde i\u015f ar\u0131yor. Gen\u00e7leri tar\u0131m sekt\u00f6r\u00fcne y\u00f6nlendirmezsek tar\u0131m biter, tar\u0131m biterse hayat biter\u201d \u015feklinde konu\u015ftu. Mehmet Reis 15.Ulusal Tar\u0131m ve G\u0131da Kongresi\u2019nde bir konu\u015fma ger\u00e7ekle\u015ftirdi. \u00c7ift\u00e7ilerin ya\u015fam standard\u0131n\u0131 g\u00fcvence alt\u0131na alman\u0131n, ayn\u0131 zamanda toplumun g\u0131da ihtiyac\u0131n\u0131 g\u00fcvence alt\u0131na almak anlam\u0131na geldi\u011fini anlatan Reis, \u015funlar\u0131 s\u00f6yledi: \u201cGen\u00e7lerimizin do\u011fdu\u011fu yerde doymalar\u0131n\u0131 sa\u011flarsak; \u00fclkemizin i\u00e7 t\u00fcketimi i\u00e7in ihtiyac\u0131m\u0131z olan g\u0131da \u00fcretimini yapar\u0131z, n\u00fcfusun sosyal ve ekonomik olarak daha refah i\u00e7inde ya\u015famas\u0131n\u0131 sa\u011flar\u0131z, i\u015fsizli\u011fin \u00f6n\u00fcne ge\u00e7eriz ve d\u00fcnyaya daha \u00e7ok g\u0131da ihracat\u0131 yaparak cari a\u00e7\u0131\u011fa \u00e7are oluruz. Gelece\u011fimiz olan gen\u00e7 n\u00fcfus, kesinlikle tar\u0131m ekonomisine ge\u00e7mek i\u00e7in te\u015fvik edilmelidir. \u00c7\u00fcnk\u00fc, her \u00fclkenin kendi topraklar\u0131nda, i\u00e7 t\u00fcketimini kar\u015f\u0131layacak kadar g\u0131da \u00fcretimi yapmas\u0131 gerekir. Hi\u00e7bir \u00fclke beslenmek gibi ya\u015famsal bir konuyu ba\u015fka bir \u00fclkeden ithal ederim diyerek, ihale edemez\u201d<\/p>\n","protected":false},"excerpt":{"rendered":"<p>Reis G\u0131da Ba\u015fkan\u0131 Mehmet Reis, \u2019Gen\u00e7leri tar\u0131ma y\u00f6nlendirmezsek tar\u0131m biter, tar\u0131m biterse hayat biter\u2019 dedi. Gen\u00e7lerin tar\u0131m ekonomisine ge\u00e7mesi i\u00e7in te\u015fvik edilmesi gerekti\u011fini belirten Reis G\u0131da Ba\u015fkan\u0131 Mehmet Reis, \u201cTar\u0131mda&hellip;<\/p>\n","protected":false},"author":1,"featured_media":5235,"comment_status":"open","ping_status":"open","sticky":false,"template":"","format":"standard","meta":{"footnotes":""},"categories":[2],"tags":[814],"class_list":["post-5234","post","type-post","status-publish","format-standard","has-post-thumbnail","hentry","category-tarimgentr","tag-http-www-dunya-com-guncel-tarim-biterse-hayat-biter-289785h-htm"],"_links":{"self":[{"href":"https:\/\/tarimhaber.com\/index.php?rest_route=\/wp\/v2\/posts\/5234","targetHints":{"allow":["GET"]}}],"collection":[{"href":"https:\/\/tarimhaber.com\/index.php?rest_route=\/wp\/v2\/posts"}],"about":[{"href":"https:\/\/tarimhaber.com\/index.php?rest_route=\/wp\/v2\/types\/post"}],"author":[{"embeddable":true,"href":"https:\/\/tarimhaber.com\/index.php?rest_route=\/wp\/v2\/users\/1"}],"replies":[{"embeddable":true,"href":"https:\/\/tarimhaber.com\/index.php?rest_route=%2Fwp%2Fv2%2Fcomments&post=5234"}],"version-history":[{"count":0,"href":"https:\/\/tarimhaber.com\/index.php?rest_route=\/wp\/v2\/posts\/5234\/revisions"}],"wp:featuredmedia":[{"embeddable":true,"href":"https:\/\/tarimhaber.com\/index.php?rest_route=\/wp\/v2\/media\/5235"}],"wp:attachment":[{"href":"https:\/\/tarimhaber.com\/index.php?rest_route=%2Fwp%2Fv2%2Fmedia&parent=5234"}],"wp:term":[{"taxonomy":"category","embeddable":true,"href":"https:\/\/tarimhaber.com\/index.php?rest_route=%2Fwp%2Fv2%2Fcategories&post=5234"},{"taxonomy":"post_tag","embeddable":true,"href":"https:\/\/tarimhaber.com\/index.php?rest_route=%2Fwp%2Fv2%2Ftags&post=5234"}],"curies":[{"name":"wp","href":"https:\/\/api.w.org\/{rel}","templated":true}]}}