{"id":5253,"date":"2016-03-02T10:03:17","date_gmt":"2016-03-02T07:03:17","guid":{"rendered":"http:\/\/tarimhaber.com\/?p=5253"},"modified":"2016-03-02T10:03:17","modified_gmt":"2016-03-02T07:03:17","slug":"baskan-kula-sut-fazlaligi-krizi-derinlesiyor","status":"publish","type":"post","link":"https:\/\/tarimhaber.com\/?p=5253","title":{"rendered":"BA\u015eKAN KULA: \u201cS\u00dcT FAZLALI\u011eI KR\u0130Z\u0130 DER\u0130NLE\u015e\u0130YOR\u201d"},"content":{"rendered":"<p>Bal\u0131kesir Ticaret Boras\u0131 Ba\u015fkan\u0131 Faruk Kula s\u00fct sekt\u00f6r\u00fcnde ya\u015fanan s\u00fct fazlal\u0131\u011f\u0131 krizinin giderek artt\u0131\u011f\u0131n\u0131, s\u00fct krizinin \u00fcreticiyi i\u00e7inden \u00e7\u0131k\u0131lamaz bir duruma getirdi\u011fini ifade etti. Bal\u0131kesir\u2019in s\u00fct \u00fcretiminde T\u00fcrkiye \u00fc\u00e7\u00fcnc\u00fcs\u00fc oldu\u011funu hat\u0131rlatan Ba\u015fkan Kula dolay\u0131s\u0131 ile s\u00fctteki fazlal\u0131ktan kaynaklanan krizden Bal\u0131kesir\u2019in di\u011fer illere oranla \u00e7ok daha fazla etkilendi\u011fini belirtti.<\/p>\n","protected":false},"excerpt":{"rendered":"<p>Bal\u0131kesir Ticaret Boras\u0131 Ba\u015fkan\u0131 Faruk Kula s\u00fct sekt\u00f6r\u00fcnde ya\u015fanan s\u00fct fazlal\u0131\u011f\u0131 krizinin giderek artt\u0131\u011f\u0131n\u0131, s\u00fct krizinin \u00fcreticiyi i\u00e7inden \u00e7\u0131k\u0131lamaz bir duruma getirdi\u011fini ifade etti. Bal\u0131kesir\u2019in s\u00fct \u00fcretiminde T\u00fcrkiye \u00fc\u00e7\u00fcnc\u00fcs\u00fc oldu\u011funu&hellip;<\/p>\n","protected":false},"author":1,"featured_media":0,"comment_status":"open","ping_status":"open","sticky":false,"template":"","format":"standard","meta":{"footnotes":""},"categories":[2],"tags":[587],"class_list":["post-5253","post","type-post","status-publish","format-standard","hentry","category-tarimgentr","tag-http-www-balikesirposta-com-tr-haberler-2000-baskan-kula-sut-fazlaligi-krizi-derinlesiyor-html"],"_links":{"self":[{"href":"https:\/\/tarimhaber.com\/index.php?rest_route=\/wp\/v2\/posts\/5253","targetHints":{"allow":["GET"]}}],"collection":[{"href":"https:\/\/tarimhaber.com\/index.php?rest_route=\/wp\/v2\/posts"}],"about":[{"href":"https:\/\/tarimhaber.com\/index.php?rest_route=\/wp\/v2\/types\/post"}],"author":[{"embeddable":true,"href":"https:\/\/tarimhaber.com\/index.php?rest_route=\/wp\/v2\/users\/1"}],"replies":[{"embeddable":true,"href":"https:\/\/tarimhaber.com\/index.php?rest_route=%2Fwp%2Fv2%2Fcomments&post=5253"}],"version-history":[{"count":0,"href":"https:\/\/tarimhaber.com\/index.php?rest_route=\/wp\/v2\/posts\/5253\/revisions"}],"wp:attachment":[{"href":"https:\/\/tarimhaber.com\/index.php?rest_route=%2Fwp%2Fv2%2Fmedia&parent=5253"}],"wp:term":[{"taxonomy":"category","embeddable":true,"href":"https:\/\/tarimhaber.com\/index.php?rest_route=%2Fwp%2Fv2%2Fcategories&post=5253"},{"taxonomy":"post_tag","embeddable":true,"href":"https:\/\/tarimhaber.com\/index.php?rest_route=%2Fwp%2Fv2%2Ftags&post=5253"}],"curies":[{"name":"wp","href":"https:\/\/api.w.org\/{rel}","templated":true}]}}