{"id":5255,"date":"2016-03-10T12:08:26","date_gmt":"2016-03-10T09:08:26","guid":{"rendered":"http:\/\/tarimhaber.com\/?p=5255"},"modified":"2016-03-10T12:08:26","modified_gmt":"2016-03-10T09:08:26","slug":"54-ulkenin-tarim-bakani-antalyada-bulusacak","status":"publish","type":"post","link":"https:\/\/tarimhaber.com\/?p=5255","title":{"rendered":"54 \u00fclkenin tar\u0131m bakan\u0131 Antalya\u2019da bulu\u015facak"},"content":{"rendered":"<p>Birle\u015fmi\u015f Milletler G\u0131da ve Tar\u0131m \u00d6rg\u00fct\u00fc FAO\u2019nun 30. Avrupa B\u00f6lge Konferans\u0131 EXPO 2016 Antalya alan\u0131 i\u00e7erisinde yer alan Kongre Merkezinde ger\u00e7ekle\u015ftirecek. 54 \u00fclkenin tar\u0131m bakanlar\u0131n\u0131n kat\u0131laca\u011f\u0131 toplant\u0131n\u0131n ba\u015fkanl\u0131\u011f\u0131n\u0131 ise EXPO 2016 Antalya Ajans\u0131 &#8230;<\/p>\n","protected":false},"excerpt":{"rendered":"<p>Birle\u015fmi\u015f Milletler G\u0131da ve Tar\u0131m \u00d6rg\u00fct\u00fc FAO\u2019nun 30. Avrupa B\u00f6lge Konferans\u0131 EXPO 2016 Antalya alan\u0131 i\u00e7erisinde yer alan Kongre Merkezinde ger\u00e7ekle\u015ftirecek. 54 \u00fclkenin tar\u0131m bakanlar\u0131n\u0131n kat\u0131laca\u011f\u0131 toplant\u0131n\u0131n ba\u015fkanl\u0131\u011f\u0131n\u0131 ise EXPO&hellip;<\/p>\n","protected":false},"author":1,"featured_media":5256,"comment_status":"open","ping_status":"open","sticky":false,"template":"","format":"standard","meta":{"footnotes":""},"categories":[2],"tags":[2706],"class_list":["post-5255","post","type-post","status-publish","format-standard","has-post-thumbnail","hentry","category-tarimgentr","tag-http-www-milliyet-com-tr-54-ulkenin-tarim-bakani-antalya-da-ekonomi-detay-2207408-default-htm"],"_links":{"self":[{"href":"https:\/\/tarimhaber.com\/index.php?rest_route=\/wp\/v2\/posts\/5255","targetHints":{"allow":["GET"]}}],"collection":[{"href":"https:\/\/tarimhaber.com\/index.php?rest_route=\/wp\/v2\/posts"}],"about":[{"href":"https:\/\/tarimhaber.com\/index.php?rest_route=\/wp\/v2\/types\/post"}],"author":[{"embeddable":true,"href":"https:\/\/tarimhaber.com\/index.php?rest_route=\/wp\/v2\/users\/1"}],"replies":[{"embeddable":true,"href":"https:\/\/tarimhaber.com\/index.php?rest_route=%2Fwp%2Fv2%2Fcomments&post=5255"}],"version-history":[{"count":0,"href":"https:\/\/tarimhaber.com\/index.php?rest_route=\/wp\/v2\/posts\/5255\/revisions"}],"wp:featuredmedia":[{"embeddable":true,"href":"https:\/\/tarimhaber.com\/index.php?rest_route=\/wp\/v2\/media\/5256"}],"wp:attachment":[{"href":"https:\/\/tarimhaber.com\/index.php?rest_route=%2Fwp%2Fv2%2Fmedia&parent=5255"}],"wp:term":[{"taxonomy":"category","embeddable":true,"href":"https:\/\/tarimhaber.com\/index.php?rest_route=%2Fwp%2Fv2%2Fcategories&post=5255"},{"taxonomy":"post_tag","embeddable":true,"href":"https:\/\/tarimhaber.com\/index.php?rest_route=%2Fwp%2Fv2%2Ftags&post=5255"}],"curies":[{"name":"wp","href":"https:\/\/api.w.org\/{rel}","templated":true}]}}