{"id":5273,"date":"2016-03-30T17:18:03","date_gmt":"2016-03-30T14:18:03","guid":{"rendered":"http:\/\/tarimhaber.com\/?p=5273"},"modified":"2016-03-30T17:18:03","modified_gmt":"2016-03-30T14:18:03","slug":"bakan-celik-tarim-kredinin-verimsiz-sirketleri-tasfiye-edilecek","status":"publish","type":"post","link":"https:\/\/tarimhaber.com\/?p=5273","title":{"rendered":"Bakan \u00c7elik: &#8220;Tar\u0131m Kredi\u2019nin verimsiz \u015firketleri tasfiye edilecek&#8221;"},"content":{"rendered":"<p>G\u0131da, Tar\u0131m ve Hayvanc\u0131l\u0131k Bakan\u0131 Faruk \u00c7elik, Tar\u0131m Kredi\u2019nin b\u00fcnyesinde i\u015ftirak olarak 13 \u015firketin bulundu\u011funu, alt \u015firket olarak ifade edilen \u015firket say\u0131s\u0131n\u0131n da 13 civar\u0131nda oldu\u011funu belirterek al\u0131nan kararlarla \u015firket say\u0131s\u0131nda ciddi bir azalma olaca\u011f\u0131n\u0131 ve verimsiz \u015firketlerin tasfiyesi yoluna gidilece\u011fini s\u00f6yledi. \u00c7elik, bunlar\u0131n aras\u0131nda rekabet\u00e7i olamayanlar, karl\u0131l\u0131k sorunu ya\u015fayanlar, birle\u015fmesi uygun bulunanlar\u0131n tek tek ele al\u0131naca\u011f\u0131n\u0131, \u015firket say\u0131s\u0131nda ciddi bir azalma olaca\u011f\u0131n\u0131 vurgulayarak, &#8220;\u015eu anda verimsiz \u015firketlerin tasfiyesi yoluna gidilmesi karar\u0131 al\u0131nd\u0131&#8221; diye konu\u015ftu.<\/p>\n","protected":false},"excerpt":{"rendered":"<p>G\u0131da, Tar\u0131m ve Hayvanc\u0131l\u0131k Bakan\u0131 Faruk \u00c7elik, Tar\u0131m Kredi\u2019nin b\u00fcnyesinde i\u015ftirak olarak 13 \u015firketin bulundu\u011funu, alt \u015firket olarak ifade edilen \u015firket say\u0131s\u0131n\u0131n da 13 civar\u0131nda oldu\u011funu belirterek al\u0131nan kararlarla \u015firket&hellip;<\/p>\n","protected":false},"author":1,"featured_media":5274,"comment_status":"open","ping_status":"open","sticky":false,"template":"","format":"standard","meta":{"footnotes":""},"categories":[2],"tags":[3221],"class_list":["post-5273","post","type-post","status-publish","format-standard","has-post-thumbnail","hentry","category-tarimgentr","tag-http-www-tarim-gov-tr"],"_links":{"self":[{"href":"https:\/\/tarimhaber.com\/index.php?rest_route=\/wp\/v2\/posts\/5273","targetHints":{"allow":["GET"]}}],"collection":[{"href":"https:\/\/tarimhaber.com\/index.php?rest_route=\/wp\/v2\/posts"}],"about":[{"href":"https:\/\/tarimhaber.com\/index.php?rest_route=\/wp\/v2\/types\/post"}],"author":[{"embeddable":true,"href":"https:\/\/tarimhaber.com\/index.php?rest_route=\/wp\/v2\/users\/1"}],"replies":[{"embeddable":true,"href":"https:\/\/tarimhaber.com\/index.php?rest_route=%2Fwp%2Fv2%2Fcomments&post=5273"}],"version-history":[{"count":0,"href":"https:\/\/tarimhaber.com\/index.php?rest_route=\/wp\/v2\/posts\/5273\/revisions"}],"wp:featuredmedia":[{"embeddable":true,"href":"https:\/\/tarimhaber.com\/index.php?rest_route=\/wp\/v2\/media\/5274"}],"wp:attachment":[{"href":"https:\/\/tarimhaber.com\/index.php?rest_route=%2Fwp%2Fv2%2Fmedia&parent=5273"}],"wp:term":[{"taxonomy":"category","embeddable":true,"href":"https:\/\/tarimhaber.com\/index.php?rest_route=%2Fwp%2Fv2%2Fcategories&post=5273"},{"taxonomy":"post_tag","embeddable":true,"href":"https:\/\/tarimhaber.com\/index.php?rest_route=%2Fwp%2Fv2%2Ftags&post=5273"}],"curies":[{"name":"wp","href":"https:\/\/api.w.org\/{rel}","templated":true}]}}