{"id":5292,"date":"2016-04-16T21:35:41","date_gmt":"2016-04-16T18:35:41","guid":{"rendered":"http:\/\/tarimhaber.com\/?p=5292"},"modified":"2016-04-16T21:35:41","modified_gmt":"2016-04-16T18:35:41","slug":"turkiye-ari-yetistiricileri-merkez-birligi-tab-baskani-yilmaz-hayatini-kaybetti","status":"publish","type":"post","link":"https:\/\/tarimhaber.com\/?p=5292","title":{"rendered":"T\u00fcrkiye Ar\u0131 Yeti\u015ftiricileri Merkez Birli\u011fi (TAB) Ba\u015fkan\u0131 Y\u0131lmaz Hayat\u0131n\u0131 Kaybetti"},"content":{"rendered":"<p>T\u00fcrkiye Ar\u0131 Yeti\u015ftiricileri Merkez Birli\u011fi (TAB) Ba\u015fkan\u0131 Bahri Y\u0131lmaz\u2019\u0131n, Ankara\u2019da ge\u00e7irdi\u011fi kalp krizi sonucu hayat\u0131n\u0131 kaybetti\u011fi bildirildi. Y\u0131lmaz\u2019\u0131n, Kazan il\u00e7esinde kat\u0131ld\u0131\u011f\u0131 program sonras\u0131 ak\u015fam namaz\u0131 i\u00e7in gitti\u011fi camide kalp krizi ge\u00e7irdi\u011fini belirten Ordu Ar\u0131c\u0131lar Birli\u011fi Ba\u015fkan\u0131 Necati Ayd\u0131n, &#8220;Hastaneye kald\u0131r\u0131lan genel ba\u015fkan\u0131m\u0131z\u0131n \u00f6l\u00fcm haberini ald\u0131k. Ar\u0131c\u0131lar olarak say\u0131n genel ba\u015fkan\u0131m\u0131z\u0131 kaybetmenin \u00fcz\u00fcnt\u00fcs\u00fcn\u00fc ya\u015f\u0131yoruz&#8221; diye konu\u015ftu.<\/p>\n","protected":false},"excerpt":{"rendered":"<p>T\u00fcrkiye Ar\u0131 Yeti\u015ftiricileri Merkez Birli\u011fi (TAB) Ba\u015fkan\u0131 Bahri Y\u0131lmaz\u2019\u0131n, Ankara\u2019da ge\u00e7irdi\u011fi kalp krizi sonucu hayat\u0131n\u0131 kaybetti\u011fi bildirildi. Y\u0131lmaz\u2019\u0131n, Kazan il\u00e7esinde kat\u0131ld\u0131\u011f\u0131 program sonras\u0131 ak\u015fam namaz\u0131 i\u00e7in gitti\u011fi camide kalp krizi&hellip;<\/p>\n","protected":false},"author":1,"featured_media":0,"comment_status":"open","ping_status":"open","sticky":false,"template":"","format":"standard","meta":{"footnotes":""},"categories":[2],"tags":[1939],"class_list":["post-5292","post","type-post","status-publish","format-standard","hentry","category-tarimgentr","tag-http-www-haberler-com-tab-baskani-yilmaz-gecirdigi-kalp-krizi-sonucu-8364279-haberi"],"_links":{"self":[{"href":"https:\/\/tarimhaber.com\/index.php?rest_route=\/wp\/v2\/posts\/5292","targetHints":{"allow":["GET"]}}],"collection":[{"href":"https:\/\/tarimhaber.com\/index.php?rest_route=\/wp\/v2\/posts"}],"about":[{"href":"https:\/\/tarimhaber.com\/index.php?rest_route=\/wp\/v2\/types\/post"}],"author":[{"embeddable":true,"href":"https:\/\/tarimhaber.com\/index.php?rest_route=\/wp\/v2\/users\/1"}],"replies":[{"embeddable":true,"href":"https:\/\/tarimhaber.com\/index.php?rest_route=%2Fwp%2Fv2%2Fcomments&post=5292"}],"version-history":[{"count":0,"href":"https:\/\/tarimhaber.com\/index.php?rest_route=\/wp\/v2\/posts\/5292\/revisions"}],"wp:attachment":[{"href":"https:\/\/tarimhaber.com\/index.php?rest_route=%2Fwp%2Fv2%2Fmedia&parent=5292"}],"wp:term":[{"taxonomy":"category","embeddable":true,"href":"https:\/\/tarimhaber.com\/index.php?rest_route=%2Fwp%2Fv2%2Fcategories&post=5292"},{"taxonomy":"post_tag","embeddable":true,"href":"https:\/\/tarimhaber.com\/index.php?rest_route=%2Fwp%2Fv2%2Ftags&post=5292"}],"curies":[{"name":"wp","href":"https:\/\/api.w.org\/{rel}","templated":true}]}}