{"id":5303,"date":"2016-05-05T12:55:09","date_gmt":"2016-05-05T09:55:09","guid":{"rendered":"http:\/\/tarimhaber.com\/?p=5303"},"modified":"2016-05-05T12:55:09","modified_gmt":"2016-05-05T09:55:09","slug":"tarimsal-danismanlikta-degisiklige-mi-gidiliyor-serbest-tarim-danismanligi-destekleme-disinda-mi","status":"publish","type":"post","link":"https:\/\/tarimhaber.com\/?p=5303","title":{"rendered":"Tar\u0131msal dan\u0131\u015fmanl\u0131kta de\u011fi\u015fikli\u011fe mi gidiliyor? Serbest tar\u0131m dan\u0131\u015fmanl\u0131\u011f\u0131 destekleme d\u0131\u015f\u0131nda m\u0131?"},"content":{"rendered":"<p>2016 Y\u0131l\u0131nda Yap\u0131lacak Tar\u0131msal Desteklemelere \u0130li\u015fkin Bakanlar Kurulu Karar\u0131 bug\u00fcnk\u00fc Resmi Gazete\u2019de yay\u0131mlanarak y\u00fcr\u00fcrl\u00fc\u011fe girdi. Karara g\u00f6re mazot ve g\u00fcbrede 11 TL\/da, organik tar\u0131mda 100 TL\/da, ar\u0131l\u0131 kovana 10 TL\/adet, yoncaya 60 TL\/da, silajl\u0131k m\u0131s\u0131ra 90 TL\/da, sertifikal\u0131 bodur meyve fidan\u0131na 400 TL\/da destekleme \u00f6demesi yap\u0131lacak. Ancak kararda bir ayr\u0131nt\u0131 dikkat \u00e7ekiyor.<br \/>\nAlt\u0131nc\u0131 maddede &#8220;Tar\u0131msal yay\u0131m ve dan\u0131\u015fmanl\u0131k sisteminin \u00e7o\u011fulcu, etkin ve verimli bir yap\u0131ya kavu\u015fmas\u0131n\u0131 sa\u011flamak amac\u0131yla&#8221; ge\u00e7ti\u011fimiz y\u0131llarda i\u015fletme bazl\u0131 verilen ve her dan\u0131\u015fmanl\u0131k verilen i\u015fletme i\u00e7in 600 TL olan destekleme \u00f6demesinin, tar\u0131msal yay\u0131m ve dan\u0131\u015fmanl\u0131k hizmeti veren ziraat odas\u0131 ve \u00fcretici \u00f6rg\u00fct\u00fcne her istihdam edilen dan\u0131\u015fman i\u00e7in 20 bin tl olarak de\u011fi\u015ftirildi\u011fi, azami iki dan\u0131\u015fman istihdam edilece\u011fi belirtilmektedir. Serbest tar\u0131m dan\u0131\u015fmanl\u0131\u011f\u0131n\u0131n destekleme d\u0131\u015f\u0131nda m\u0131 kald\u0131\u011f\u0131 sorusunu ak\u0131llara getiriyor.<\/p>\n","protected":false},"excerpt":{"rendered":"<p>2016 Y\u0131l\u0131nda Yap\u0131lacak Tar\u0131msal Desteklemelere \u0130li\u015fkin Bakanlar Kurulu Karar\u0131 bug\u00fcnk\u00fc Resmi Gazete\u2019de yay\u0131mlanarak y\u00fcr\u00fcrl\u00fc\u011fe girdi. Karara g\u00f6re mazot ve g\u00fcbrede 11 TL\/da, organik tar\u0131mda 100 TL\/da, ar\u0131l\u0131 kovana 10 TL\/adet,&hellip;<\/p>\n","protected":false},"author":1,"featured_media":5304,"comment_status":"open","ping_status":"open","sticky":false,"template":"","format":"standard","meta":{"footnotes":""},"categories":[2],"tags":[],"class_list":["post-5303","post","type-post","status-publish","format-standard","has-post-thumbnail","hentry","category-tarimgentr"],"_links":{"self":[{"href":"https:\/\/tarimhaber.com\/index.php?rest_route=\/wp\/v2\/posts\/5303","targetHints":{"allow":["GET"]}}],"collection":[{"href":"https:\/\/tarimhaber.com\/index.php?rest_route=\/wp\/v2\/posts"}],"about":[{"href":"https:\/\/tarimhaber.com\/index.php?rest_route=\/wp\/v2\/types\/post"}],"author":[{"embeddable":true,"href":"https:\/\/tarimhaber.com\/index.php?rest_route=\/wp\/v2\/users\/1"}],"replies":[{"embeddable":true,"href":"https:\/\/tarimhaber.com\/index.php?rest_route=%2Fwp%2Fv2%2Fcomments&post=5303"}],"version-history":[{"count":0,"href":"https:\/\/tarimhaber.com\/index.php?rest_route=\/wp\/v2\/posts\/5303\/revisions"}],"wp:featuredmedia":[{"embeddable":true,"href":"https:\/\/tarimhaber.com\/index.php?rest_route=\/wp\/v2\/media\/5304"}],"wp:attachment":[{"href":"https:\/\/tarimhaber.com\/index.php?rest_route=%2Fwp%2Fv2%2Fmedia&parent=5303"}],"wp:term":[{"taxonomy":"category","embeddable":true,"href":"https:\/\/tarimhaber.com\/index.php?rest_route=%2Fwp%2Fv2%2Fcategories&post=5303"},{"taxonomy":"post_tag","embeddable":true,"href":"https:\/\/tarimhaber.com\/index.php?rest_route=%2Fwp%2Fv2%2Ftags&post=5303"}],"curies":[{"name":"wp","href":"https:\/\/api.w.org\/{rel}","templated":true}]}}