{"id":5305,"date":"2016-05-09T13:44:18","date_gmt":"2016-05-09T10:44:18","guid":{"rendered":"http:\/\/tarimhaber.com\/?p=5305"},"modified":"2016-05-09T13:44:18","modified_gmt":"2016-05-09T10:44:18","slug":"ekinin-boyu-kisa-kaldi-ciftciyi-korku-sardi","status":"publish","type":"post","link":"https:\/\/tarimhaber.com\/?p=5305","title":{"rendered":"Ekinin boyu k\u0131sa kald\u0131, \u00e7ift\u00e7iyi korku sard\u0131"},"content":{"rendered":"<p>T\u00fcrkiye\u2019nin tah\u0131l ve meyve \u00fcretiminde s\u00f6z sahibi olan \u0130\u00e7 Anadolu B\u00f6lgesi\u2019ndeki baz\u0131 illerde, nisan ay\u0131nda ya\u011f\u0131\u015flar\u0131n beklenen seviyede olmamas\u0131 ve zirai don ya\u015fanmas\u0131, hububat ve meyve \u00fcreticisini endi\u015felendiriyor. Kayseri Ziraat Odalar\u0131 \u0130l Koordinasyon Kurulu Ba\u015fkan\u0131 Abdulkadir G\u00fcne\u015f, AA muhabirine yapt\u0131\u011f\u0131 a\u00e7\u0131klamada, nisan ay\u0131n\u0131n son birka\u00e7 g\u00fcn\u00fc hari\u00e7 T\u00fcrkiye genelinde neredeyse hi\u00e7 ya\u011f\u0131\u015f olmad\u0131\u011f\u0131n\u0131, aksine hava s\u0131cakl\u0131klar\u0131n\u0131n mevsim normallerinin \u00e7ok alt\u0131na d\u00fc\u015ferek zirai don olay\u0131n\u0131n ya\u015fand\u0131\u011f\u0131n\u0131 s\u00f6yledi.<\/p>\n","protected":false},"excerpt":{"rendered":"<p>T\u00fcrkiye\u2019nin tah\u0131l ve meyve \u00fcretiminde s\u00f6z sahibi olan \u0130\u00e7 Anadolu B\u00f6lgesi\u2019ndeki baz\u0131 illerde, nisan ay\u0131nda ya\u011f\u0131\u015flar\u0131n beklenen seviyede olmamas\u0131 ve zirai don ya\u015fanmas\u0131, hububat ve meyve \u00fcreticisini endi\u015felendiriyor. Kayseri Ziraat&hellip;<\/p>\n","protected":false},"author":1,"featured_media":5306,"comment_status":"open","ping_status":"open","sticky":false,"template":"","format":"standard","meta":{"footnotes":""},"categories":[2],"tags":[2723],"class_list":["post-5305","post","type-post","status-publish","format-standard","has-post-thumbnail","hentry","category-tarimgentr","tag-http-www-milliyet-com-tr-ekinin-boyu-kisa-kaldi-ciftciyi-ekonomi-detay-2241980-default-htm"],"_links":{"self":[{"href":"https:\/\/tarimhaber.com\/index.php?rest_route=\/wp\/v2\/posts\/5305","targetHints":{"allow":["GET"]}}],"collection":[{"href":"https:\/\/tarimhaber.com\/index.php?rest_route=\/wp\/v2\/posts"}],"about":[{"href":"https:\/\/tarimhaber.com\/index.php?rest_route=\/wp\/v2\/types\/post"}],"author":[{"embeddable":true,"href":"https:\/\/tarimhaber.com\/index.php?rest_route=\/wp\/v2\/users\/1"}],"replies":[{"embeddable":true,"href":"https:\/\/tarimhaber.com\/index.php?rest_route=%2Fwp%2Fv2%2Fcomments&post=5305"}],"version-history":[{"count":0,"href":"https:\/\/tarimhaber.com\/index.php?rest_route=\/wp\/v2\/posts\/5305\/revisions"}],"wp:featuredmedia":[{"embeddable":true,"href":"https:\/\/tarimhaber.com\/index.php?rest_route=\/wp\/v2\/media\/5306"}],"wp:attachment":[{"href":"https:\/\/tarimhaber.com\/index.php?rest_route=%2Fwp%2Fv2%2Fmedia&parent=5305"}],"wp:term":[{"taxonomy":"category","embeddable":true,"href":"https:\/\/tarimhaber.com\/index.php?rest_route=%2Fwp%2Fv2%2Fcategories&post=5305"},{"taxonomy":"post_tag","embeddable":true,"href":"https:\/\/tarimhaber.com\/index.php?rest_route=%2Fwp%2Fv2%2Ftags&post=5305"}],"curies":[{"name":"wp","href":"https:\/\/api.w.org\/{rel}","templated":true}]}}