{"id":5314,"date":"2016-05-24T11:42:23","date_gmt":"2016-05-24T08:42:23","guid":{"rendered":"http:\/\/tarimhaber.com\/?p=5314"},"modified":"2016-05-24T11:42:23","modified_gmt":"2016-05-24T08:42:23","slug":"bakan-faruk-celik-ile-yola-devam","status":"publish","type":"post","link":"https:\/\/tarimhaber.com\/?p=5314","title":{"rendered":"Bakan Faruk \u00c7EL\u0130K ile yola devam.."},"content":{"rendered":"<p>Ba\u015fbakan: Binali Y\u0131ld\u0131r\u0131m<br \/>\nBa\u015fbakan Yard\u0131mc\u0131lar\u0131: Nurettin Canikli, Mehmet \u015fim\u015fek, Numan Kurtulmu\u015f, Tu\u011frul T\u00fcrke\u015f, veysi Kaynak<br \/>\nAdalet Bakan\u0131: Bekir Bozda\u011f<br \/>\nAile ve Sosyal Politikalar Bakan\u0131:Fatma Bet\u00fcl Sayan kaya<br \/>\nAvrupa Birli\u011fi Bakan\u0131: \u00d6mer \u00c7elik<br \/>\nBilim Sanayi ve Teknoloji Bakan\u0131: Faruk \u00d6zl\u00fc<br \/>\n\u00c7al\u0131\u015fma ve Sosyal G\u00fcvenlik Bakan\u0131: S\u00fcleyman Soylu<br \/>\n\u00c7evre ve \u015eehircilik Bakan\u0131: Mehmet \u00d6zhaseki<br \/>\nD\u0131\u015fi\u015fleri Bakan\u0131: Mevl\u00fct \u00c7avu\u015fo\u011flu<br \/>\nEkonomi Bakan\u0131: Nihat Zeybek\u00e7i<br \/>\nEnerji ve Tabii Kaynaklar Bakan\u0131: Berat Albayrak<br \/>\nGen\u00e7lik ve Spor Bakan\u0131: \u00c7a\u011ftay K\u0131l\u0131\u00e7<br \/>\nG\u0131da Tar\u0131m ve Hayvanc\u0131l\u0131k Bakan\u0131: Faruk \u00c7elik<br \/>\nG\u00fcmr\u00fck ve Ticaret Bakan\u0131: B\u00fclent T\u00fcfenk\u00e7i<br \/>\n\u0130\u00e7i\u015fleri Bakan\u0131: Efkan Ala<br \/>\nKalk\u0131nma Bakan\u0131: L\u00fctf\u00fc Elvan<br \/>\nK\u00fclt\u00fcr ve Turizm Bakan\u0131: Nabi Avc\u0131<br \/>\nMaliye Bakan\u0131: Naci A\u011fbal<br \/>\nMilli E\u011fitim Bakan\u0131: \u0130smet Y\u0131lmaz<br \/>\nMilli Savunma Bakan\u0131: Fikri I\u015f\u0131k<br \/>\nOrman ve Su \u0130\u015fleri Bakan\u0131: Veysel Ero\u011flu<br \/>\nSa\u011fl\u0131k Bakan\u0131: Recep Akda\u011f<br \/>\nUla\u015ft\u0131rma, Denizcilik ve Haberle\u015fme Bakan\u0131: Ahmet Arslan<\/p>\n","protected":false},"excerpt":{"rendered":"<p>Ba\u015fbakan: Binali Y\u0131ld\u0131r\u0131m Ba\u015fbakan Yard\u0131mc\u0131lar\u0131: Nurettin Canikli, Mehmet \u015fim\u015fek, Numan Kurtulmu\u015f, Tu\u011frul T\u00fcrke\u015f, veysi Kaynak Adalet Bakan\u0131: Bekir Bozda\u011f Aile ve Sosyal Politikalar Bakan\u0131:Fatma Bet\u00fcl Sayan kaya Avrupa Birli\u011fi Bakan\u0131:&hellip;<\/p>\n","protected":false},"author":1,"featured_media":0,"comment_status":"open","ping_status":"open","sticky":false,"template":"","format":"standard","meta":{"footnotes":""},"categories":[2],"tags":[],"class_list":["post-5314","post","type-post","status-publish","format-standard","hentry","category-tarimgentr"],"_links":{"self":[{"href":"https:\/\/tarimhaber.com\/index.php?rest_route=\/wp\/v2\/posts\/5314","targetHints":{"allow":["GET"]}}],"collection":[{"href":"https:\/\/tarimhaber.com\/index.php?rest_route=\/wp\/v2\/posts"}],"about":[{"href":"https:\/\/tarimhaber.com\/index.php?rest_route=\/wp\/v2\/types\/post"}],"author":[{"embeddable":true,"href":"https:\/\/tarimhaber.com\/index.php?rest_route=\/wp\/v2\/users\/1"}],"replies":[{"embeddable":true,"href":"https:\/\/tarimhaber.com\/index.php?rest_route=%2Fwp%2Fv2%2Fcomments&post=5314"}],"version-history":[{"count":0,"href":"https:\/\/tarimhaber.com\/index.php?rest_route=\/wp\/v2\/posts\/5314\/revisions"}],"wp:attachment":[{"href":"https:\/\/tarimhaber.com\/index.php?rest_route=%2Fwp%2Fv2%2Fmedia&parent=5314"}],"wp:term":[{"taxonomy":"category","embeddable":true,"href":"https:\/\/tarimhaber.com\/index.php?rest_route=%2Fwp%2Fv2%2Fcategories&post=5314"},{"taxonomy":"post_tag","embeddable":true,"href":"https:\/\/tarimhaber.com\/index.php?rest_route=%2Fwp%2Fv2%2Ftags&post=5314"}],"curies":[{"name":"wp","href":"https:\/\/api.w.org\/{rel}","templated":true}]}}