{"id":5318,"date":"2016-05-31T08:31:23","date_gmt":"2016-05-31T05:31:23","guid":{"rendered":"http:\/\/tarimhaber.com\/?p=5318"},"modified":"2016-05-31T08:31:23","modified_gmt":"2016-05-31T05:31:23","slug":"kirmizi-et-fiyatlarinda-artis-beklenmiyor","status":"publish","type":"post","link":"https:\/\/tarimhaber.com\/?p=5318","title":{"rendered":"K\u0131rm\u0131z\u0131 et fiyatlar\u0131nda art\u0131\u015f beklenmiyor"},"content":{"rendered":"<p>K\u0131rm\u0131z\u0131 Et Sanayicileri ve \u00dcreticileri Birli\u011fi (ETB\u0130R) Y\u00f6netim Kurulu Ba\u015fkan\u0131 Mustafa B\u0131l\u0131k\u00e7\u0131, et piyasas\u0131n\u0131n sakin oldu\u011funu, bu nedenle k\u0131rm\u0131z\u0131 et fiyat\u0131nda art\u0131\u015f beklenmedi\u011fini kaydetti. B\u0131l\u0131k\u00e7\u0131 yapt\u0131\u011f\u0131 a\u00e7\u0131klamada, bu y\u0131l ramazan ay\u0131 yakla\u015f\u0131rken k\u0131rm\u0131z\u0131 et piyasas\u0131nda durgunluk oldu\u011funu, talep azl\u0131\u011f\u0131 nedeniyle fiyatlar\u0131n sabit kalaca\u011f\u0131 tahmininde bulundu. \u2019\u2019Bu sene piyasa olduk\u00e7a sakin. Bundan dolay\u0131 k\u0131rm\u0131z\u0131 et fiyatlar\u0131n\u0131n artmas\u0131n\u0131 beklemiyoruz. Sabit bir \u015fekilde duraca\u011f\u0131n\u0131 d\u00fc\u015f\u00fcn\u00fcyoruz\u2019\u2019 diyen B\u0131l\u0131k\u00e7\u0131, ramazanda k\u0131rm\u0131z\u0131 et talebinin kar\u015f\u0131lanmas\u0131 i\u00e7in yeteri kadar hayvan oldu\u011funu anlatt\u0131.<\/p>\n","protected":false},"excerpt":{"rendered":"<p>K\u0131rm\u0131z\u0131 Et Sanayicileri ve \u00dcreticileri Birli\u011fi (ETB\u0130R) Y\u00f6netim Kurulu Ba\u015fkan\u0131 Mustafa B\u0131l\u0131k\u00e7\u0131, et piyasas\u0131n\u0131n sakin oldu\u011funu, bu nedenle k\u0131rm\u0131z\u0131 et fiyat\u0131nda art\u0131\u015f beklenmedi\u011fini kaydetti. B\u0131l\u0131k\u00e7\u0131 yapt\u0131\u011f\u0131 a\u00e7\u0131klamada, bu y\u0131l ramazan&hellip;<\/p>\n","protected":false},"author":1,"featured_media":5319,"comment_status":"open","ping_status":"open","sticky":false,"template":"","format":"standard","meta":{"footnotes":""},"categories":[2],"tags":[3405],"class_list":["post-5318","post","type-post","status-publish","format-standard","has-post-thumbnail","hentry","category-tarimgentr","tag-http-www-yenisafak-com-ekonomi-kirmizi-et-fiyatlarinda-artis-beklenmiyor-2473851"],"_links":{"self":[{"href":"https:\/\/tarimhaber.com\/index.php?rest_route=\/wp\/v2\/posts\/5318","targetHints":{"allow":["GET"]}}],"collection":[{"href":"https:\/\/tarimhaber.com\/index.php?rest_route=\/wp\/v2\/posts"}],"about":[{"href":"https:\/\/tarimhaber.com\/index.php?rest_route=\/wp\/v2\/types\/post"}],"author":[{"embeddable":true,"href":"https:\/\/tarimhaber.com\/index.php?rest_route=\/wp\/v2\/users\/1"}],"replies":[{"embeddable":true,"href":"https:\/\/tarimhaber.com\/index.php?rest_route=%2Fwp%2Fv2%2Fcomments&post=5318"}],"version-history":[{"count":0,"href":"https:\/\/tarimhaber.com\/index.php?rest_route=\/wp\/v2\/posts\/5318\/revisions"}],"wp:featuredmedia":[{"embeddable":true,"href":"https:\/\/tarimhaber.com\/index.php?rest_route=\/wp\/v2\/media\/5319"}],"wp:attachment":[{"href":"https:\/\/tarimhaber.com\/index.php?rest_route=%2Fwp%2Fv2%2Fmedia&parent=5318"}],"wp:term":[{"taxonomy":"category","embeddable":true,"href":"https:\/\/tarimhaber.com\/index.php?rest_route=%2Fwp%2Fv2%2Fcategories&post=5318"},{"taxonomy":"post_tag","embeddable":true,"href":"https:\/\/tarimhaber.com\/index.php?rest_route=%2Fwp%2Fv2%2Ftags&post=5318"}],"curies":[{"name":"wp","href":"https:\/\/api.w.org\/{rel}","templated":true}]}}