{"id":5320,"date":"2016-06-03T12:42:26","date_gmt":"2016-06-03T09:42:26","guid":{"rendered":"http:\/\/tarimhaber.com\/?p=5320"},"modified":"2016-06-03T12:42:26","modified_gmt":"2016-06-03T09:42:26","slug":"abdde-6-yilin-en-kotu-tarim-disi-istihdam-verisi","status":"publish","type":"post","link":"https:\/\/tarimhaber.com\/?p=5320","title":{"rendered":"ABD\u2019de 6 y\u0131l\u0131n en k\u00f6t\u00fc tar\u0131m d\u0131\u015f\u0131 istihdam verisi"},"content":{"rendered":"<p>ABD \u00c7al\u0131\u015fma Bakanl\u0131\u011f\u0131\u2019n\u0131n verilerine g\u00f6re, ABD\u2019de tar\u0131m d\u0131\u015f\u0131 istihdam May\u0131s ay\u0131nda 160 bin seviyesindeki beklentinin \u00e7ok alt\u0131nda 38 bin artt\u0131, i\u015fsizlik oran\u0131 ise y\u00fczde 4.9 seviyesindeki beklentinin alt\u0131nda y\u00fczde 4.7 d\u00fczeyinde ger\u00e7ekle\u015fti. Bir \u00f6nceki &#8230;<\/p>\n","protected":false},"excerpt":{"rendered":"<p>ABD \u00c7al\u0131\u015fma Bakanl\u0131\u011f\u0131\u2019n\u0131n verilerine g\u00f6re, ABD\u2019de tar\u0131m d\u0131\u015f\u0131 istihdam May\u0131s ay\u0131nda 160 bin seviyesindeki beklentinin \u00e7ok alt\u0131nda 38 bin artt\u0131, i\u015fsizlik oran\u0131 ise y\u00fczde 4.9 seviyesindeki beklentinin alt\u0131nda y\u00fczde 4.7&hellip;<\/p>\n","protected":false},"author":1,"featured_media":0,"comment_status":"open","ping_status":"open","sticky":false,"template":"","format":"standard","meta":{"footnotes":""},"categories":[2],"tags":[678],"class_list":["post-5320","post","type-post","status-publish","format-standard","hentry","category-tarimgentr","tag-http-www-bloomberght-com-haberler-haber-1884518-abdde-6-yilin-en-kotu-tarim-disi-istihdam-verisi"],"_links":{"self":[{"href":"https:\/\/tarimhaber.com\/index.php?rest_route=\/wp\/v2\/posts\/5320","targetHints":{"allow":["GET"]}}],"collection":[{"href":"https:\/\/tarimhaber.com\/index.php?rest_route=\/wp\/v2\/posts"}],"about":[{"href":"https:\/\/tarimhaber.com\/index.php?rest_route=\/wp\/v2\/types\/post"}],"author":[{"embeddable":true,"href":"https:\/\/tarimhaber.com\/index.php?rest_route=\/wp\/v2\/users\/1"}],"replies":[{"embeddable":true,"href":"https:\/\/tarimhaber.com\/index.php?rest_route=%2Fwp%2Fv2%2Fcomments&post=5320"}],"version-history":[{"count":0,"href":"https:\/\/tarimhaber.com\/index.php?rest_route=\/wp\/v2\/posts\/5320\/revisions"}],"wp:attachment":[{"href":"https:\/\/tarimhaber.com\/index.php?rest_route=%2Fwp%2Fv2%2Fmedia&parent=5320"}],"wp:term":[{"taxonomy":"category","embeddable":true,"href":"https:\/\/tarimhaber.com\/index.php?rest_route=%2Fwp%2Fv2%2Fcategories&post=5320"},{"taxonomy":"post_tag","embeddable":true,"href":"https:\/\/tarimhaber.com\/index.php?rest_route=%2Fwp%2Fv2%2Ftags&post=5320"}],"curies":[{"name":"wp","href":"https:\/\/api.w.org\/{rel}","templated":true}]}}