{"id":5334,"date":"2016-06-13T13:59:02","date_gmt":"2016-06-13T10:59:02","guid":{"rendered":"http:\/\/tarimhaber.com\/?p=5334"},"modified":"2016-06-13T13:59:02","modified_gmt":"2016-06-13T10:59:02","slug":"tarim-danismanlarindan-oturma-eylemi","status":"publish","type":"post","link":"https:\/\/tarimhaber.com\/?p=5334","title":{"rendered":"Tar\u0131m dan\u0131\u015fmanlar\u0131ndan oturma eylemi"},"content":{"rendered":"<p>Tar\u0131m Dan\u0131\u015fmanlar\u0131 Haklar\u0131 ve M\u00fccadele Grubu Ba\u015fkan\u0131 Ezel P\u0131nar, saha tecr\u00fcbesine sahip 2 bin 600 tar\u0131m dan\u0131\u015fman\u0131n\u0131n, arac\u0131lar\u0131n ortadan kald\u0131r\u0131larak devlet g\u00fcvencesiyle istihdam edilmeyi talep etti\u011fini bildirdi. Tar\u0131m Dan\u0131\u015fmanlar\u0131 Haklar\u0131 ve M\u00fccadele Grubu \u00fcyesi ziraat m\u00fchendisi ve teknikerler, G\u0131da, Tar\u0131m ve Hayvanc\u0131l\u0131k Bakanl\u0131\u011f\u0131 \u00f6n\u00fcnde oturmaya eylemine ba\u015flad\u0131. Eylem \u00f6ncesi grup ad\u0131na bas\u0131n a\u00e7\u0131klamas\u0131 yapan P\u0131nar, 5 May\u0131s\u2019ta Resmi Gazete\u2019de yay\u0131mlanan 2016 y\u0131l\u0131 Tar\u0131msal Desteklemelere ili\u015fkin Bakanlar Kurulu karar\u0131yla tar\u0131msal dan\u0131\u015fmanl\u0131k deste\u011finin s\u0131n\u0131rland\u0131r\u0131lmas\u0131 ve kald\u0131r\u0131lmas\u0131na y\u00f6nelik karar\u0131n 2 bin 600 tar\u0131m dan\u0131\u015fman\u0131n\u0131n i\u015fsiz kalmas\u0131 anlam\u0131na geldi\u011fini s\u00f6yledi. T\u00fcrkiye genelindeki tar\u0131m dan\u0131\u015fmanlar\u0131n\u0131n bu karar nedeniyle i\u015fsizli\u011fe mahkum edilece\u011fini belirten P\u0131nar, &#8220;Elimizi kolumuzu ba\u011flayan ipler bug\u00fcn boynumuza doland\u0131. Bu sebeple T\u00fcrkiye\u2019nin d\u00f6rt bir yan\u0131ndan i\u015fsiz kalacak tar\u0131m dan\u0131\u015fmanlar\u0131 olarak bug\u00fcn Ankara\u2019da toplanarak bakanl\u0131k \u00f6n\u00fcnde oturma eylemimize ba\u015fl\u0131yoruz.&#8221; diye konu\u015ftu.<\/p>\n","protected":false},"excerpt":{"rendered":"<p>Tar\u0131m Dan\u0131\u015fmanlar\u0131 Haklar\u0131 ve M\u00fccadele Grubu Ba\u015fkan\u0131 Ezel P\u0131nar, saha tecr\u00fcbesine sahip 2 bin 600 tar\u0131m dan\u0131\u015fman\u0131n\u0131n, arac\u0131lar\u0131n ortadan kald\u0131r\u0131larak devlet g\u00fcvencesiyle istihdam edilmeyi talep etti\u011fini bildirdi. Tar\u0131m Dan\u0131\u015fmanlar\u0131 Haklar\u0131&hellip;<\/p>\n","protected":false},"author":1,"featured_media":5335,"comment_status":"open","ping_status":"open","sticky":false,"template":"","format":"standard","meta":{"footnotes":""},"categories":[2],"tags":[2436],"class_list":["post-5334","post","type-post","status-publish","format-standard","has-post-thumbnail","hentry","category-tarimgentr","tag-http-www-hurriyet-com-tr-tarim-danismanlarindan-oturma-eylemi-40117076"],"_links":{"self":[{"href":"https:\/\/tarimhaber.com\/index.php?rest_route=\/wp\/v2\/posts\/5334","targetHints":{"allow":["GET"]}}],"collection":[{"href":"https:\/\/tarimhaber.com\/index.php?rest_route=\/wp\/v2\/posts"}],"about":[{"href":"https:\/\/tarimhaber.com\/index.php?rest_route=\/wp\/v2\/types\/post"}],"author":[{"embeddable":true,"href":"https:\/\/tarimhaber.com\/index.php?rest_route=\/wp\/v2\/users\/1"}],"replies":[{"embeddable":true,"href":"https:\/\/tarimhaber.com\/index.php?rest_route=%2Fwp%2Fv2%2Fcomments&post=5334"}],"version-history":[{"count":0,"href":"https:\/\/tarimhaber.com\/index.php?rest_route=\/wp\/v2\/posts\/5334\/revisions"}],"wp:featuredmedia":[{"embeddable":true,"href":"https:\/\/tarimhaber.com\/index.php?rest_route=\/wp\/v2\/media\/5335"}],"wp:attachment":[{"href":"https:\/\/tarimhaber.com\/index.php?rest_route=%2Fwp%2Fv2%2Fmedia&parent=5334"}],"wp:term":[{"taxonomy":"category","embeddable":true,"href":"https:\/\/tarimhaber.com\/index.php?rest_route=%2Fwp%2Fv2%2Fcategories&post=5334"},{"taxonomy":"post_tag","embeddable":true,"href":"https:\/\/tarimhaber.com\/index.php?rest_route=%2Fwp%2Fv2%2Ftags&post=5334"}],"curies":[{"name":"wp","href":"https:\/\/api.w.org\/{rel}","templated":true}]}}