{"id":5349,"date":"2016-08-02T00:00:00","date_gmt":"2016-08-01T21:00:00","guid":{"rendered":"http:\/\/tarimhaber.com\/?p=5349"},"modified":"2016-08-02T00:00:00","modified_gmt":"2016-08-01T21:00:00","slug":"agustosta-cicek-acan-elma-agaci-gorenleri-sasirtti","status":"publish","type":"post","link":"https:\/\/tarimhaber.com\/?p=5349","title":{"rendered":"A\u011fustosta \u00c7i\u00e7ek A\u00e7an Elma A\u011fac\u0131 G\u00f6renleri \u015ea\u015f\u0131rtt\u0131"},"content":{"rendered":"<p>Malatya\u2019n\u0131n Darende il\u00e7esinde, A\u011fustos ay\u0131nda elma a\u011fac\u0131n\u0131n \u00e7i\u00e7ek a\u00e7mas\u0131 g\u00f6renlerin \u015fa\u015f\u0131rtt\u0131.<\/p>\n","protected":false},"excerpt":{"rendered":"<p>Malatya\u2019n\u0131n Darende il\u00e7esinde, A\u011fustos ay\u0131nda elma a\u011fac\u0131n\u0131n \u00e7i\u00e7ek a\u00e7mas\u0131 g\u00f6renlerin \u015fa\u015f\u0131rtt\u0131.<\/p>\n","protected":false},"author":1,"featured_media":0,"comment_status":"open","ping_status":"open","sticky":false,"template":"","format":"standard","meta":{"footnotes":""},"categories":[2],"tags":[1315],"class_list":["post-5349","post","type-post","status-publish","format-standard","hentry","category-tarimgentr","tag-http-www-haberler-com-agustosta-cicek-acan-elma-agaci-gorenleri-sasirtti-8667125-haberi"],"_links":{"self":[{"href":"https:\/\/tarimhaber.com\/index.php?rest_route=\/wp\/v2\/posts\/5349","targetHints":{"allow":["GET"]}}],"collection":[{"href":"https:\/\/tarimhaber.com\/index.php?rest_route=\/wp\/v2\/posts"}],"about":[{"href":"https:\/\/tarimhaber.com\/index.php?rest_route=\/wp\/v2\/types\/post"}],"author":[{"embeddable":true,"href":"https:\/\/tarimhaber.com\/index.php?rest_route=\/wp\/v2\/users\/1"}],"replies":[{"embeddable":true,"href":"https:\/\/tarimhaber.com\/index.php?rest_route=%2Fwp%2Fv2%2Fcomments&post=5349"}],"version-history":[{"count":0,"href":"https:\/\/tarimhaber.com\/index.php?rest_route=\/wp\/v2\/posts\/5349\/revisions"}],"wp:attachment":[{"href":"https:\/\/tarimhaber.com\/index.php?rest_route=%2Fwp%2Fv2%2Fmedia&parent=5349"}],"wp:term":[{"taxonomy":"category","embeddable":true,"href":"https:\/\/tarimhaber.com\/index.php?rest_route=%2Fwp%2Fv2%2Fcategories&post=5349"},{"taxonomy":"post_tag","embeddable":true,"href":"https:\/\/tarimhaber.com\/index.php?rest_route=%2Fwp%2Fv2%2Ftags&post=5349"}],"curies":[{"name":"wp","href":"https:\/\/api.w.org\/{rel}","templated":true}]}}