{"id":5369,"date":"2016-08-15T00:00:00","date_gmt":"2016-08-14T21:00:00","guid":{"rendered":"http:\/\/tarimhaber.com\/?p=5369"},"modified":"2016-08-15T00:00:00","modified_gmt":"2016-08-14T21:00:00","slug":"tarim-ufe-temmuzda-azaldi","status":"publish","type":"post","link":"https:\/\/tarimhaber.com\/?p=5369","title":{"rendered":"Tar\u0131m \u00dcfe Temmuzda Azald\u0131"},"content":{"rendered":"<p>Tar\u0131m \u00dcr\u00fcnleri \u00dcretici Fiyat Endeksi (Tar\u0131m \u00dcFE), temmuzda bir \u00f6nceki aya g\u00f6re y\u00fczde 0,43 d\u00fc\u015ferken, ge\u00e7en y\u0131l\u0131n ayn\u0131 ay\u0131na g\u00f6re y\u00fczde 8,97 art\u0131\u015f g\u00f6sterdi.<\/p>\n","protected":false},"excerpt":{"rendered":"<p>Tar\u0131m \u00dcr\u00fcnleri \u00dcretici Fiyat Endeksi (Tar\u0131m \u00dcFE), temmuzda bir \u00f6nceki aya g\u00f6re y\u00fczde 0,43 d\u00fc\u015ferken, ge\u00e7en y\u0131l\u0131n ayn\u0131 ay\u0131na g\u00f6re y\u00fczde 8,97 art\u0131\u015f g\u00f6sterdi.<\/p>\n","protected":false},"author":1,"featured_media":0,"comment_status":"open","ping_status":"open","sticky":false,"template":"","format":"standard","meta":{"footnotes":""},"categories":[2],"tags":[1989],"class_list":["post-5369","post","type-post","status-publish","format-standard","hentry","category-tarimgentr","tag-http-www-haberler-com-tarim-ufe-temmuzda-azaldi-8699326-haberi"],"_links":{"self":[{"href":"https:\/\/tarimhaber.com\/index.php?rest_route=\/wp\/v2\/posts\/5369","targetHints":{"allow":["GET"]}}],"collection":[{"href":"https:\/\/tarimhaber.com\/index.php?rest_route=\/wp\/v2\/posts"}],"about":[{"href":"https:\/\/tarimhaber.com\/index.php?rest_route=\/wp\/v2\/types\/post"}],"author":[{"embeddable":true,"href":"https:\/\/tarimhaber.com\/index.php?rest_route=\/wp\/v2\/users\/1"}],"replies":[{"embeddable":true,"href":"https:\/\/tarimhaber.com\/index.php?rest_route=%2Fwp%2Fv2%2Fcomments&post=5369"}],"version-history":[{"count":0,"href":"https:\/\/tarimhaber.com\/index.php?rest_route=\/wp\/v2\/posts\/5369\/revisions"}],"wp:attachment":[{"href":"https:\/\/tarimhaber.com\/index.php?rest_route=%2Fwp%2Fv2%2Fmedia&parent=5369"}],"wp:term":[{"taxonomy":"category","embeddable":true,"href":"https:\/\/tarimhaber.com\/index.php?rest_route=%2Fwp%2Fv2%2Fcategories&post=5369"},{"taxonomy":"post_tag","embeddable":true,"href":"https:\/\/tarimhaber.com\/index.php?rest_route=%2Fwp%2Fv2%2Ftags&post=5369"}],"curies":[{"name":"wp","href":"https:\/\/api.w.org\/{rel}","templated":true}]}}