{"id":5382,"date":"2016-08-26T00:00:00","date_gmt":"2016-08-25T21:00:00","guid":{"rendered":"http:\/\/tarimhaber.com\/?p=5382"},"modified":"2016-08-26T00:00:00","modified_gmt":"2016-08-25T21:00:00","slug":"misirda-taban-fiyat-740-lira","status":"publish","type":"post","link":"https:\/\/tarimhaber.com\/?p=5382","title":{"rendered":"M\u0131s\u0131rda Taban Fiyat 740 Lira"},"content":{"rendered":"<p>G\u0131da Tar\u0131m ve Hayvanc\u0131l\u0131k Bakan\u0131 Faruk \u00c7elik, ge\u00e7en y\u0131l ton ba\u015f\u0131na 725 lira olan m\u0131s\u0131r taban fiyat\u0131n\u0131n, bu y\u0131l i\u00e7in 740 lira olarak belirlendi\u011fini bildirdi.\u00c7elik, yapt\u0131\u011f\u0131 a\u00e7\u0131klamada, \u00fclkede 4 A\u011fustos\u2019tan bu yana m\u0131s\u0131r hasad\u0131 yap\u0131ld\u0131\u011f\u0131n\u0131 s\u00f6yledi. M\u0131s\u0131r\u0131n gerek hayvanc\u0131l\u0131k gerekse ni\u015fasta a\u00e7\u0131s\u0131ndan \u00f6nemli bir \u00fcr\u00fcn oldu\u011funu ifade eden \u00c7elik, &#8220;Son 5 y\u0131l i\u00e7inde m\u0131s\u0131r \u00fcretiminde y\u00fczde 40\u2019lara varan bir art\u0131\u015f ger\u00e7ekle\u015fti. Bu y\u0131l m\u0131s\u0131rda yakla\u015f\u0131k 6,4 milyon ton civar\u0131nda rekolte bekliyoruz. Ge\u00e7en y\u0131l 725 lira taban fiyat a\u00e7\u0131klanm\u0131\u015ft\u0131. Bug\u00fcn de \u015fu andaki hasad\u0131n taban fiyat\u0131n\u0131 740 lira olarak a\u00e7\u0131kl\u0131yoruz.&#8221; dedi.<\/p>\n","protected":false},"excerpt":{"rendered":"<p>G\u0131da Tar\u0131m ve Hayvanc\u0131l\u0131k Bakan\u0131 Faruk \u00c7elik, ge\u00e7en y\u0131l ton ba\u015f\u0131na 725 lira olan m\u0131s\u0131r taban fiyat\u0131n\u0131n, bu y\u0131l i\u00e7in 740 lira olarak belirlendi\u011fini bildirdi.\u00c7elik, yapt\u0131\u011f\u0131 a\u00e7\u0131klamada, \u00fclkede 4 A\u011fustos\u2019tan&hellip;<\/p>\n","protected":false},"author":1,"featured_media":0,"comment_status":"open","ping_status":"open","sticky":false,"template":"","format":"standard","meta":{"footnotes":""},"categories":[2],"tags":[1800],"class_list":["post-5382","post","type-post","status-publish","format-standard","hentry","category-tarimgentr","tag-http-www-haberler-com-misirda-taban-fiyat-740-lira-8729507-haberi"],"_links":{"self":[{"href":"https:\/\/tarimhaber.com\/index.php?rest_route=\/wp\/v2\/posts\/5382","targetHints":{"allow":["GET"]}}],"collection":[{"href":"https:\/\/tarimhaber.com\/index.php?rest_route=\/wp\/v2\/posts"}],"about":[{"href":"https:\/\/tarimhaber.com\/index.php?rest_route=\/wp\/v2\/types\/post"}],"author":[{"embeddable":true,"href":"https:\/\/tarimhaber.com\/index.php?rest_route=\/wp\/v2\/users\/1"}],"replies":[{"embeddable":true,"href":"https:\/\/tarimhaber.com\/index.php?rest_route=%2Fwp%2Fv2%2Fcomments&post=5382"}],"version-history":[{"count":0,"href":"https:\/\/tarimhaber.com\/index.php?rest_route=\/wp\/v2\/posts\/5382\/revisions"}],"wp:attachment":[{"href":"https:\/\/tarimhaber.com\/index.php?rest_route=%2Fwp%2Fv2%2Fmedia&parent=5382"}],"wp:term":[{"taxonomy":"category","embeddable":true,"href":"https:\/\/tarimhaber.com\/index.php?rest_route=%2Fwp%2Fv2%2Fcategories&post=5382"},{"taxonomy":"post_tag","embeddable":true,"href":"https:\/\/tarimhaber.com\/index.php?rest_route=%2Fwp%2Fv2%2Ftags&post=5382"}],"curies":[{"name":"wp","href":"https:\/\/api.w.org\/{rel}","templated":true}]}}